{"id":147454,"date":"2021-11-24T00:00:00","date_gmt":"2021-11-24T00:00:00","guid":{"rendered":"https:\/\/faciapmulher.org.br\/?p=147454"},"modified":"2026-03-26T13:53:40","modified_gmt":"2026-03-26T13:53:40","slug":"caciopar-abre-inscricoes-ao-4o-premio-caciopar-mulher-empreendedora","status":"publish","type":"post","link":"https:\/\/faciapmulher.org.br\/?p=147454","title":{"rendered":"Caciopar abre inscri\u00e7\u00f5es ao 4\u00ba Pr\u00eamio Caciopar Mulher Empreendedora"},"content":{"rendered":"<p>O pr&ecirc;mio foi criado para reconhecer e valorizar o talento da mulher, que ocupa a cada dia mais posi&ccedil;&otilde;es no mercado. &ldquo;Temos muitas empres&aacute;rias de sucesso com hist&oacute;rias fascinantes para contar. Esses relatos s&atilde;o preciosidades, porque demonstram a garra da mulher e servem de inspira&ccedil;&atilde;o a muitas outras&rdquo;, informa a presidente da Caciopar Mulher, Lara Biezus, que &eacute; de Palotina. As inscri&ccedil;&otilde;es devem conter informa&ccedil;&otilde;es pessoais, profissionais e um relato sobre a trajet&oacute;ria empresarial da indicada.<\/p>\n<p>Uma comiss&atilde;o com cinco membros especialmente formada ter&aacute; por finalidade analisar todas as inscri&ccedil;&otilde;es e, segundo os crit&eacute;rios estabelecidos, escolher a melhor. Alguns aspectos ter&atilde;o mais peso no julgamento, como trajet&oacute;ria, ascens&atilde;o profissional e empresarial e relatos de supera&ccedil;&atilde;o. Tamb&eacute;m ser&atilde;o considerados aspectos como o processo de transforma&ccedil;&atilde;o at&eacute; a candidata chegar &agrave; condi&ccedil;&atilde;o de empreendedora e os impactos que ela e sua empresa causam em sua comunidade.<\/p>\n<p>O an&uacute;ncio oficial da vencedora da quarta edi&ccedil;&atilde;o e a entrega da premia&ccedil;&atilde;o ocorrer&atilde;o durante o 6&ordm; Congresso Caciopar, agendado para o dia 29 de abril de 2022. Al&eacute;m de um trof&eacute;u especialmente criado para essa edi&ccedil;&atilde;o, a vencedora ter&aacute; sua hist&oacute;ria contada na revista da Caciopar, a Somos Oeste. &ldquo;Estamos animados com o n&uacute;mero de inscri&ccedil;&otilde;es que dever&atilde;o chegar, porque temos na regi&atilde;o muitas empres&aacute;rias de fibra, sucesso e com hist&oacute;rias que merecem ser contadas e compartilhadas&rdquo;, diz o presidente da Coordenadoria, Flavio Gotardo Furlan, que &eacute; de Toledo.<\/p>\n<p>Fonte: Cr&eacute;dito: Assessoria<\/p>\n","protected":false},"excerpt":{"rendered":"<p>Empres\u00e1rias e executivas das cidades da regi\u00e3o Oeste podem, a partir deste s\u00e1bado, 23, inscrever-se para a quarta edi\u00e7\u00e3o do Pr\u00eamio Caciopar Mulher Empreendedora. As inscri\u00e7\u00f5es s\u00e3o gratuitas e podem se<\/p>\n","protected":false},"author":13,"featured_media":147455,"comment_status":"open","ping_status":"closed","sticky":false,"template":"","format":"standard","meta":{"_acf_changed":false,"_joinchat":[],"footnotes":""},"categories":[1],"tags":[],"categorias-noticias":[149],"noticia-do-sistema":[],"class_list":["post-147454","post","type-post","status-publish","format-standard","has-post-thumbnail","hentry","category-uncategorized","categorias-noticias-institucional"],"acf":{"galeria_noticia":[{"id":147455,"title":"upload_69c53a5a6c3f1jpg","caption":"","full_image_url":"https:\/\/faciapmulher.org.br\/wp-content\/uploads\/2026\/03\/upload_69c53a5a6c3f1jpg.jpg","thumbnail_image_url":"https:\/\/faciapmulher.org.br\/wp-content\/uploads\/2026\/03\/upload_69c53a5a6c3f1jpg-150x150.jpg","large_srcset":"https:\/\/faciapmulher.org.br\/wp-content\/uploads\/2026\/03\/upload_69c53a5a6c3f1jpg.jpg 1024w, https:\/\/faciapmulher.org.br\/wp-content\/uploads\/2026\/03\/upload_69c53a5a6c3f1jpg-300x111.jpg 300w, https:\/\/faciapmulher.org.br\/wp-content\/uploads\/2026\/03\/upload_69c53a5a6c3f1jpg-768x284.jpg 768w","medium_srcset":"https:\/\/faciapmulher.org.br\/wp-content\/uploads\/2026\/03\/upload_69c53a5a6c3f1jpg-300x111.jpg 300w, https:\/\/faciapmulher.org.br\/wp-content\/uploads\/2026\/03\/upload_69c53a5a6c3f1jpg-768x284.jpg 768w, https:\/\/faciapmulher.org.br\/wp-content\/uploads\/2026\/03\/upload_69c53a5a6c3f1jpg.jpg 1024w","media_details":{"width":1024,"height":379,"sizes":{"medium":{"file":"upload_69c53a5a6c3f1jpg-300x111.jpg","width":300,"height":111,"mime-type":"image\/jpeg","filesize":12549,"source_url":"https:\/\/faciapmulher.org.br\/wp-content\/uploads\/2026\/03\/upload_69c53a5a6c3f1jpg-300x111.jpg"},"thumbnail":{"file":"upload_69c53a5a6c3f1jpg-150x150.jpg","width":150,"height":150,"mime-type":"image\/jpeg","filesize":7203,"source_url":"https:\/\/faciapmulher.org.br\/wp-content\/uploads\/2026\/03\/upload_69c53a5a6c3f1jpg-150x150.jpg"},"medium_large":{"file":"upload_69c53a5a6c3f1jpg-768x284.jpg","width":768,"height":284,"mime-type":"image\/jpeg","filesize":49282,"source_url":"https:\/\/faciapmulher.org.br\/wp-content\/uploads\/2026\/03\/upload_69c53a5a6c3f1jpg-768x284.jpg"}}},"alt_text":"","url":"","target":""},{"id":147457,"title":"upload_69c53a5f10c12jpg","caption":"","full_image_url":"https:\/\/faciapmulher.org.br\/wp-content\/uploads\/2026\/03\/upload_69c53a5f10c12jpg.jpg","thumbnail_image_url":"https:\/\/faciapmulher.org.br\/wp-content\/uploads\/2026\/03\/upload_69c53a5f10c12jpg-150x150.jpg","large_srcset":"https:\/\/faciapmulher.org.br\/wp-content\/uploads\/2026\/03\/upload_69c53a5f10c12jpg.jpg 768w, https:\/\/faciapmulher.org.br\/wp-content\/uploads\/2026\/03\/upload_69c53a5f10c12jpg-300x300.jpg 300w, https:\/\/faciapmulher.org.br\/wp-content\/uploads\/2026\/03\/upload_69c53a5f10c12jpg-150x150.jpg 150w","medium_srcset":"https:\/\/faciapmulher.org.br\/wp-content\/uploads\/2026\/03\/upload_69c53a5f10c12jpg-300x300.jpg 300w, https:\/\/faciapmulher.org.br\/wp-content\/uploads\/2026\/03\/upload_69c53a5f10c12jpg-150x150.jpg 150w, https:\/\/faciapmulher.org.br\/wp-content\/uploads\/2026\/03\/upload_69c53a5f10c12jpg.jpg 768w","media_details":{"width":768,"height":768,"sizes":{"medium":{"file":"upload_69c53a5f10c12jpg-300x300.jpg","width":300,"height":300,"mime-type":"image\/jpeg","filesize":25761,"source_url":"https:\/\/faciapmulher.org.br\/wp-content\/uploads\/2026\/03\/upload_69c53a5f10c12jpg-300x300.jpg"},"thumbnail":{"file":"upload_69c53a5f10c12jpg-150x150.jpg","width":150,"height":150,"mime-type":"image\/jpeg","filesize":8758,"source_url":"https:\/\/faciapmulher.org.br\/wp-content\/uploads\/2026\/03\/upload_69c53a5f10c12jpg-150x150.jpg"}}},"alt_text":"","url":"","target":""}],"video":"","data_de_publicacao":"2021\/11\/24","nucleos":null,"fonte":"","link_origem":"","abrir_origem":false},"yoast_head":"<!-- This site is optimized with the Yoast SEO plugin v27.4 - https:\/\/yoast.com\/product\/yoast-seo-wordpress\/ -->\n<title>Caciopar abre inscri\u00e7\u00f5es ao 4\u00ba Pr\u00eamio Caciopar Mulher Empreendedora - FACIAP Mulher<\/title>\n<meta name=\"robots\" content=\"index, follow, max-snippet:-1, max-image-preview:large, max-video-preview:-1\" \/>\n<link rel=\"canonical\" href=\"https:\/\/faciapmulher.org.br\/?p=147454\" \/>\n<meta property=\"og:locale\" content=\"pt_BR\" \/>\n<meta property=\"og:type\" content=\"article\" \/>\n<meta property=\"og:title\" content=\"Caciopar abre inscri\u00e7\u00f5es ao 4\u00ba Pr\u00eamio Caciopar Mulher Empreendedora - FACIAP Mulher\" \/>\n<meta property=\"og:description\" content=\"Empres\u00e1rias e executivas das cidades da regi\u00e3o Oeste podem, a partir deste s\u00e1bado, 23, inscrever-se para a quarta edi\u00e7\u00e3o do Pr\u00eamio Caciopar Mulher Empreendedora. As inscri\u00e7\u00f5es s\u00e3o gratuitas e podem se\" \/>\n<meta property=\"og:url\" content=\"https:\/\/faciapmulher.org.br\/?p=147454\" \/>\n<meta property=\"og:site_name\" content=\"FACIAP Mulher\" \/>\n<meta property=\"article:published_time\" content=\"2021-11-24T00:00:00+00:00\" \/>\n<meta property=\"article:modified_time\" content=\"2026-03-26T13:53:40+00:00\" \/>\n<meta property=\"og:image\" content=\"https:\/\/faciapmulher.org.br\/wp-content\/uploads\/2026\/03\/upload_69c53a5a6c3f1jpg.jpg\" \/>\n\t<meta property=\"og:image:width\" content=\"1024\" \/>\n\t<meta property=\"og:image:height\" content=\"379\" \/>\n\t<meta property=\"og:image:type\" content=\"image\/jpeg\" \/>\n<meta name=\"author\" content=\"Edson Zion\" \/>\n<meta name=\"twitter:card\" content=\"summary_large_image\" \/>\n<meta name=\"twitter:label1\" content=\"Escrito por\" \/>\n\t<meta name=\"twitter:data1\" content=\"Edson Zion\" \/>\n\t<meta name=\"twitter:label2\" content=\"Est. tempo de leitura\" \/>\n\t<meta name=\"twitter:data2\" content=\"2 minutos\" \/>\n<script type=\"application\/ld+json\" class=\"yoast-schema-graph\">{\"@context\":\"https:\\\/\\\/schema.org\",\"@graph\":[{\"@type\":\"Article\",\"@id\":\"https:\\\/\\\/faciapmulher.org.br\\\/?p=147454#article\",\"isPartOf\":{\"@id\":\"https:\\\/\\\/faciapmulher.org.br\\\/?p=147454\"},\"author\":{\"name\":\"Edson Zion\",\"@id\":\"https:\\\/\\\/faciapmulher.org.br\\\/#\\\/schema\\\/person\\\/f7c3d66b1c5982715969efaaabd0c20a\"},\"headline\":\"Caciopar abre inscri\u00e7\u00f5es ao 4\u00ba Pr\u00eamio Caciopar Mulher Empreendedora\",\"datePublished\":\"2021-11-24T00:00:00+00:00\",\"dateModified\":\"2026-03-26T13:53:40+00:00\",\"mainEntityOfPage\":{\"@id\":\"https:\\\/\\\/faciapmulher.org.br\\\/?p=147454\"},\"wordCount\":334,\"commentCount\":0,\"publisher\":{\"@id\":\"https:\\\/\\\/faciapmulher.org.br\\\/#organization\"},\"image\":{\"@id\":\"https:\\\/\\\/faciapmulher.org.br\\\/?p=147454#primaryimage\"},\"thumbnailUrl\":\"https:\\\/\\\/faciapmulher.org.br\\\/wp-content\\\/uploads\\\/2026\\\/03\\\/upload_69c53a5a6c3f1jpg.jpg\",\"articleSection\":[\"Uncategorized\"],\"inLanguage\":\"pt-BR\",\"potentialAction\":[{\"@type\":\"CommentAction\",\"name\":\"Comment\",\"target\":[\"https:\\\/\\\/faciapmulher.org.br\\\/?p=147454#respond\"]}]},{\"@type\":\"WebPage\",\"@id\":\"https:\\\/\\\/faciapmulher.org.br\\\/?p=147454\",\"url\":\"https:\\\/\\\/faciapmulher.org.br\\\/?p=147454\",\"name\":\"Caciopar abre inscri\u00e7\u00f5es ao 4\u00ba Pr\u00eamio Caciopar Mulher Empreendedora - FACIAP Mulher\",\"isPartOf\":{\"@id\":\"https:\\\/\\\/faciapmulher.org.br\\\/#website\"},\"primaryImageOfPage\":{\"@id\":\"https:\\\/\\\/faciapmulher.org.br\\\/?p=147454#primaryimage\"},\"image\":{\"@id\":\"https:\\\/\\\/faciapmulher.org.br\\\/?p=147454#primaryimage\"},\"thumbnailUrl\":\"https:\\\/\\\/faciapmulher.org.br\\\/wp-content\\\/uploads\\\/2026\\\/03\\\/upload_69c53a5a6c3f1jpg.jpg\",\"datePublished\":\"2021-11-24T00:00:00+00:00\",\"dateModified\":\"2026-03-26T13:53:40+00:00\",\"breadcrumb\":{\"@id\":\"https:\\\/\\\/faciapmulher.org.br\\\/?p=147454#breadcrumb\"},\"inLanguage\":\"pt-BR\",\"potentialAction\":[{\"@type\":\"ReadAction\",\"target\":[\"https:\\\/\\\/faciapmulher.org.br\\\/?p=147454\"]}]},{\"@type\":\"ImageObject\",\"inLanguage\":\"pt-BR\",\"@id\":\"https:\\\/\\\/faciapmulher.org.br\\\/?p=147454#primaryimage\",\"url\":\"https:\\\/\\\/faciapmulher.org.br\\\/wp-content\\\/uploads\\\/2026\\\/03\\\/upload_69c53a5a6c3f1jpg.jpg\",\"contentUrl\":\"https:\\\/\\\/faciapmulher.org.br\\\/wp-content\\\/uploads\\\/2026\\\/03\\\/upload_69c53a5a6c3f1jpg.jpg\",\"width\":1024,\"height\":379},{\"@type\":\"BreadcrumbList\",\"@id\":\"https:\\\/\\\/faciapmulher.org.br\\\/?p=147454#breadcrumb\",\"itemListElement\":[{\"@type\":\"ListItem\",\"position\":1,\"name\":\"In\u00edcio\",\"item\":\"https:\\\/\\\/faciapmulher.org.br\\\/\"},{\"@type\":\"ListItem\",\"position\":2,\"name\":\"Caciopar abre inscri\u00e7\u00f5es ao 4\u00ba Pr\u00eamio Caciopar Mulher Empreendedora\"}]},{\"@type\":\"WebSite\",\"@id\":\"https:\\\/\\\/faciapmulher.org.br\\\/#website\",\"url\":\"https:\\\/\\\/faciapmulher.org.br\\\/\",\"name\":\"FACIAP Mulher\",\"description\":\"\",\"publisher\":{\"@id\":\"https:\\\/\\\/faciapmulher.org.br\\\/#organization\"},\"potentialAction\":[{\"@type\":\"SearchAction\",\"target\":{\"@type\":\"EntryPoint\",\"urlTemplate\":\"https:\\\/\\\/faciapmulher.org.br\\\/?s={search_term_string}\"},\"query-input\":{\"@type\":\"PropertyValueSpecification\",\"valueRequired\":true,\"valueName\":\"search_term_string\"}}],\"inLanguage\":\"pt-BR\"},{\"@type\":\"Organization\",\"@id\":\"https:\\\/\\\/faciapmulher.org.br\\\/#organization\",\"name\":\"FACIAP Mulher\",\"url\":\"https:\\\/\\\/faciapmulher.org.br\\\/\",\"logo\":{\"@type\":\"ImageObject\",\"inLanguage\":\"pt-BR\",\"@id\":\"https:\\\/\\\/faciapmulher.org.br\\\/#\\\/schema\\\/logo\\\/image\\\/\",\"url\":\"https:\\\/\\\/faciapmulher.org.br\\\/wp-content\\\/uploads\\\/2024\\\/07\\\/caciopar_logo.jpg\",\"contentUrl\":\"https:\\\/\\\/faciapmulher.org.br\\\/wp-content\\\/uploads\\\/2024\\\/07\\\/caciopar_logo.jpg\",\"width\":1024,\"height\":236,\"caption\":\"FACIAP Mulher\"},\"image\":{\"@id\":\"https:\\\/\\\/faciapmulher.org.br\\\/#\\\/schema\\\/logo\\\/image\\\/\"}},{\"@type\":\"Person\",\"@id\":\"https:\\\/\\\/faciapmulher.org.br\\\/#\\\/schema\\\/person\\\/f7c3d66b1c5982715969efaaabd0c20a\",\"name\":\"Edson Zion\",\"image\":{\"@type\":\"ImageObject\",\"inLanguage\":\"pt-BR\",\"@id\":\"https:\\\/\\\/secure.gravatar.com\\\/avatar\\\/6a441ae7e9f2983d9532cf9879abc79f99460f3452ce1a11d1e2478e9b65a6f7?s=96&d=mm&r=g\",\"url\":\"https:\\\/\\\/secure.gravatar.com\\\/avatar\\\/6a441ae7e9f2983d9532cf9879abc79f99460f3452ce1a11d1e2478e9b65a6f7?s=96&d=mm&r=g\",\"contentUrl\":\"https:\\\/\\\/secure.gravatar.com\\\/avatar\\\/6a441ae7e9f2983d9532cf9879abc79f99460f3452ce1a11d1e2478e9b65a6f7?s=96&d=mm&r=g\",\"caption\":\"Edson Zion\"},\"url\":\"https:\\\/\\\/faciapmulher.org.br\\\/?author=13\"}]}<\/script>\n<!-- \/ Yoast SEO plugin. -->","yoast_head_json":{"title":"Caciopar abre inscri\u00e7\u00f5es ao 4\u00ba Pr\u00eamio Caciopar Mulher Empreendedora - FACIAP Mulher","robots":{"index":"index","follow":"follow","max-snippet":"max-snippet:-1","max-image-preview":"max-image-preview:large","max-video-preview":"max-video-preview:-1"},"canonical":"https:\/\/faciapmulher.org.br\/?p=147454","og_locale":"pt_BR","og_type":"article","og_title":"Caciopar abre inscri\u00e7\u00f5es ao 4\u00ba Pr\u00eamio Caciopar Mulher Empreendedora - FACIAP Mulher","og_description":"Empres\u00e1rias e executivas das cidades da regi\u00e3o Oeste podem, a partir deste s\u00e1bado, 23, inscrever-se para a quarta edi\u00e7\u00e3o do Pr\u00eamio Caciopar Mulher Empreendedora. As inscri\u00e7\u00f5es s\u00e3o gratuitas e podem se","og_url":"https:\/\/faciapmulher.org.br\/?p=147454","og_site_name":"FACIAP Mulher","article_published_time":"2021-11-24T00:00:00+00:00","article_modified_time":"2026-03-26T13:53:40+00:00","og_image":[{"width":1024,"height":379,"url":"https:\/\/faciapmulher.org.br\/wp-content\/uploads\/2026\/03\/upload_69c53a5a6c3f1jpg.jpg","type":"image\/jpeg"}],"author":"Edson Zion","twitter_card":"summary_large_image","twitter_misc":{"Escrito por":"Edson Zion","Est. tempo de leitura":"2 minutos"},"schema":{"@context":"https:\/\/schema.org","@graph":[{"@type":"Article","@id":"https:\/\/faciapmulher.org.br\/?p=147454#article","isPartOf":{"@id":"https:\/\/faciapmulher.org.br\/?p=147454"},"author":{"name":"Edson Zion","@id":"https:\/\/faciapmulher.org.br\/#\/schema\/person\/f7c3d66b1c5982715969efaaabd0c20a"},"headline":"Caciopar abre inscri\u00e7\u00f5es ao 4\u00ba Pr\u00eamio Caciopar Mulher Empreendedora","datePublished":"2021-11-24T00:00:00+00:00","dateModified":"2026-03-26T13:53:40+00:00","mainEntityOfPage":{"@id":"https:\/\/faciapmulher.org.br\/?p=147454"},"wordCount":334,"commentCount":0,"publisher":{"@id":"https:\/\/faciapmulher.org.br\/#organization"},"image":{"@id":"https:\/\/faciapmulher.org.br\/?p=147454#primaryimage"},"thumbnailUrl":"https:\/\/faciapmulher.org.br\/wp-content\/uploads\/2026\/03\/upload_69c53a5a6c3f1jpg.jpg","articleSection":["Uncategorized"],"inLanguage":"pt-BR","potentialAction":[{"@type":"CommentAction","name":"Comment","target":["https:\/\/faciapmulher.org.br\/?p=147454#respond"]}]},{"@type":"WebPage","@id":"https:\/\/faciapmulher.org.br\/?p=147454","url":"https:\/\/faciapmulher.org.br\/?p=147454","name":"Caciopar abre inscri\u00e7\u00f5es ao 4\u00ba Pr\u00eamio Caciopar Mulher Empreendedora - FACIAP Mulher","isPartOf":{"@id":"https:\/\/faciapmulher.org.br\/#website"},"primaryImageOfPage":{"@id":"https:\/\/faciapmulher.org.br\/?p=147454#primaryimage"},"image":{"@id":"https:\/\/faciapmulher.org.br\/?p=147454#primaryimage"},"thumbnailUrl":"https:\/\/faciapmulher.org.br\/wp-content\/uploads\/2026\/03\/upload_69c53a5a6c3f1jpg.jpg","datePublished":"2021-11-24T00:00:00+00:00","dateModified":"2026-03-26T13:53:40+00:00","breadcrumb":{"@id":"https:\/\/faciapmulher.org.br\/?p=147454#breadcrumb"},"inLanguage":"pt-BR","potentialAction":[{"@type":"ReadAction","target":["https:\/\/faciapmulher.org.br\/?p=147454"]}]},{"@type":"ImageObject","inLanguage":"pt-BR","@id":"https:\/\/faciapmulher.org.br\/?p=147454#primaryimage","url":"https:\/\/faciapmulher.org.br\/wp-content\/uploads\/2026\/03\/upload_69c53a5a6c3f1jpg.jpg","contentUrl":"https:\/\/faciapmulher.org.br\/wp-content\/uploads\/2026\/03\/upload_69c53a5a6c3f1jpg.jpg","width":1024,"height":379},{"@type":"BreadcrumbList","@id":"https:\/\/faciapmulher.org.br\/?p=147454#breadcrumb","itemListElement":[{"@type":"ListItem","position":1,"name":"In\u00edcio","item":"https:\/\/faciapmulher.org.br\/"},{"@type":"ListItem","position":2,"name":"Caciopar abre inscri\u00e7\u00f5es ao 4\u00ba Pr\u00eamio Caciopar Mulher Empreendedora"}]},{"@type":"WebSite","@id":"https:\/\/faciapmulher.org.br\/#website","url":"https:\/\/faciapmulher.org.br\/","name":"FACIAP Mulher","description":"","publisher":{"@id":"https:\/\/faciapmulher.org.br\/#organization"},"potentialAction":[{"@type":"SearchAction","target":{"@type":"EntryPoint","urlTemplate":"https:\/\/faciapmulher.org.br\/?s={search_term_string}"},"query-input":{"@type":"PropertyValueSpecification","valueRequired":true,"valueName":"search_term_string"}}],"inLanguage":"pt-BR"},{"@type":"Organization","@id":"https:\/\/faciapmulher.org.br\/#organization","name":"FACIAP Mulher","url":"https:\/\/faciapmulher.org.br\/","logo":{"@type":"ImageObject","inLanguage":"pt-BR","@id":"https:\/\/faciapmulher.org.br\/#\/schema\/logo\/image\/","url":"https:\/\/faciapmulher.org.br\/wp-content\/uploads\/2024\/07\/caciopar_logo.jpg","contentUrl":"https:\/\/faciapmulher.org.br\/wp-content\/uploads\/2024\/07\/caciopar_logo.jpg","width":1024,"height":236,"caption":"FACIAP Mulher"},"image":{"@id":"https:\/\/faciapmulher.org.br\/#\/schema\/logo\/image\/"}},{"@type":"Person","@id":"https:\/\/faciapmulher.org.br\/#\/schema\/person\/f7c3d66b1c5982715969efaaabd0c20a","name":"Edson Zion","image":{"@type":"ImageObject","inLanguage":"pt-BR","@id":"https:\/\/secure.gravatar.com\/avatar\/6a441ae7e9f2983d9532cf9879abc79f99460f3452ce1a11d1e2478e9b65a6f7?s=96&d=mm&r=g","url":"https:\/\/secure.gravatar.com\/avatar\/6a441ae7e9f2983d9532cf9879abc79f99460f3452ce1a11d1e2478e9b65a6f7?s=96&d=mm&r=g","contentUrl":"https:\/\/secure.gravatar.com\/avatar\/6a441ae7e9f2983d9532cf9879abc79f99460f3452ce1a11d1e2478e9b65a6f7?s=96&d=mm&r=g","caption":"Edson Zion"},"url":"https:\/\/faciapmulher.org.br\/?author=13"}]}},"_links":{"self":[{"href":"https:\/\/faciapmulher.org.br\/index.php?rest_route=\/wp\/v2\/posts\/147454","targetHints":{"allow":["GET"]}}],"collection":[{"href":"https:\/\/faciapmulher.org.br\/index.php?rest_route=\/wp\/v2\/posts"}],"about":[{"href":"https:\/\/faciapmulher.org.br\/index.php?rest_route=\/wp\/v2\/types\/post"}],"author":[{"embeddable":true,"href":"https:\/\/faciapmulher.org.br\/index.php?rest_route=\/wp\/v2\/users\/13"}],"replies":[{"embeddable":true,"href":"https:\/\/faciapmulher.org.br\/index.php?rest_route=%2Fwp%2Fv2%2Fcomments&post=147454"}],"version-history":[{"count":1,"href":"https:\/\/faciapmulher.org.br\/index.php?rest_route=\/wp\/v2\/posts\/147454\/revisions"}],"predecessor-version":[{"id":147456,"href":"https:\/\/faciapmulher.org.br\/index.php?rest_route=\/wp\/v2\/posts\/147454\/revisions\/147456"}],"wp:featuredmedia":[{"embeddable":true,"href":"https:\/\/faciapmulher.org.br\/index.php?rest_route=\/wp\/v2\/media\/147455"}],"wp:attachment":[{"href":"https:\/\/faciapmulher.org.br\/index.php?rest_route=%2Fwp%2Fv2%2Fmedia&parent=147454"}],"wp:term":[{"taxonomy":"category","embeddable":true,"href":"https:\/\/faciapmulher.org.br\/index.php?rest_route=%2Fwp%2Fv2%2Fcategories&post=147454"},{"taxonomy":"post_tag","embeddable":true,"href":"https:\/\/faciapmulher.org.br\/index.php?rest_route=%2Fwp%2Fv2%2Ftags&post=147454"},{"taxonomy":"categorias-noticias","embeddable":true,"href":"https:\/\/faciapmulher.org.br\/index.php?rest_route=%2Fwp%2Fv2%2Fcategorias-noticias&post=147454"},{"taxonomy":"noticia-do-sistema","embeddable":true,"href":"https:\/\/faciapmulher.org.br\/index.php?rest_route=%2Fwp%2Fv2%2Fnoticia-do-sistema&post=147454"}],"curies":[{"name":"wp","href":"https:\/\/api.w.org\/{rel}","templated":true}]}}