{"id":147467,"date":"2022-03-03T00:00:00","date_gmt":"2022-03-03T00:00:00","guid":{"rendered":"https:\/\/faciapmulher.org.br\/?p=147467"},"modified":"2026-03-26T13:54:04","modified_gmt":"2026-03-26T13:54:04","slug":"webinar-especial-com-marcia-mocelin-manfrin-em-comemoracao-ao-dia-internacional-da-mulher","status":"publish","type":"post","link":"https:\/\/faciapmulher.org.br\/?p=147467","title":{"rendered":"Webinar especial  com  Marcia Mocelin Manfrin em comemora\u00e7\u00e3o ao Dia Internacional da Mulher.\u00a0"},"content":{"rendered":"<p>Na pr&oacute;xima ter&ccedil;a-feira, 08 de mar&ccedil;o, a Faciap em parceria com a Faciap Mulher, ir&aacute; realizar um webinar especial em comemora&ccedil;&atilde;o ao Dia Internacional da Mulher.&nbsp;<\/p>\n<p>O evento online contar&aacute; com a participa&ccedil;&atilde;o da empres&aacute;ria Marcia Mocelin Manfrin, primeira mulher a presidir a Associa&ccedil;&atilde;o Comercial e Industrial de Londrina (ACIL) e que ir&aacute; compartilhar sua hist&oacute;ria de empreendedorismo e lideran&ccedil;a.&nbsp;<\/p>\n<p>Ser&aacute; &agrave;s 8h30, com inscri&ccedil;&atilde;o via Sympla e transmiss&atilde;o por meio da plataforma Zoom<\/p>\n<p>INSCREVA-SE J&Aacute;: https:\/\/www.sympla.com.br\/webinar-especial-dia-internacional-da-mulher__1502369<\/p>\n","protected":false},"excerpt":{"rendered":"<p>Faciap em parceria com a Faciap Mulher, ir\u00e1 realizar um webinar especial em comemora\u00e7\u00e3o ao Dia Internacional da Mulher.\u00a0<\/p>\n","protected":false},"author":13,"featured_media":147468,"comment_status":"open","ping_status":"closed","sticky":false,"template":"","format":"standard","meta":{"_acf_changed":false,"_joinchat":[],"footnotes":""},"categories":[1],"tags":[],"categorias-noticias":[149],"noticia-do-sistema":[],"class_list":["post-147467","post","type-post","status-publish","format-standard","has-post-thumbnail","hentry","category-uncategorized","categorias-noticias-institucional"],"acf":{"galeria_noticia":[{"id":147468,"title":"upload_69c53a77a572fjpg","caption":"","full_image_url":"https:\/\/faciapmulher.org.br\/wp-content\/uploads\/2026\/03\/upload_69c53a77a572fjpg.jpg","thumbnail_image_url":"https:\/\/faciapmulher.org.br\/wp-content\/uploads\/2026\/03\/upload_69c53a77a572fjpg-150x150.jpg","large_srcset":"https:\/\/faciapmulher.org.br\/wp-content\/uploads\/2026\/03\/upload_69c53a77a572fjpg.jpg 1024w, https:\/\/faciapmulher.org.br\/wp-content\/uploads\/2026\/03\/upload_69c53a77a572fjpg-300x158.jpg 300w, https:\/\/faciapmulher.org.br\/wp-content\/uploads\/2026\/03\/upload_69c53a77a572fjpg-768x406.jpg 768w","medium_srcset":"https:\/\/faciapmulher.org.br\/wp-content\/uploads\/2026\/03\/upload_69c53a77a572fjpg-300x158.jpg 300w, https:\/\/faciapmulher.org.br\/wp-content\/uploads\/2026\/03\/upload_69c53a77a572fjpg-768x406.jpg 768w, https:\/\/faciapmulher.org.br\/wp-content\/uploads\/2026\/03\/upload_69c53a77a572fjpg.jpg 1024w","media_details":{"width":1024,"height":541,"sizes":{"medium":{"file":"upload_69c53a77a572fjpg-300x158.jpg","width":300,"height":158,"mime-type":"image\/jpeg","filesize":14665,"source_url":"https:\/\/faciapmulher.org.br\/wp-content\/uploads\/2026\/03\/upload_69c53a77a572fjpg-300x158.jpg"},"thumbnail":{"file":"upload_69c53a77a572fjpg-150x150.jpg","width":150,"height":150,"mime-type":"image\/jpeg","filesize":8022,"source_url":"https:\/\/faciapmulher.org.br\/wp-content\/uploads\/2026\/03\/upload_69c53a77a572fjpg-150x150.jpg"},"medium_large":{"file":"upload_69c53a77a572fjpg-768x406.jpg","width":768,"height":406,"mime-type":"image\/jpeg","filesize":61200,"source_url":"https:\/\/faciapmulher.org.br\/wp-content\/uploads\/2026\/03\/upload_69c53a77a572fjpg-768x406.jpg"}}},"alt_text":"","url":"","target":""}],"video":"","data_de_publicacao":"2022\/03\/03","nucleos":null,"fonte":"","link_origem":"","abrir_origem":false},"yoast_head":"<!-- This site is optimized with the Yoast SEO plugin v27.4 - https:\/\/yoast.com\/product\/yoast-seo-wordpress\/ -->\n<title>Webinar especial com Marcia Mocelin Manfrin em comemora\u00e7\u00e3o ao Dia Internacional da Mulher.\u00a0 - FACIAP Mulher<\/title>\n<meta name=\"robots\" content=\"index, follow, max-snippet:-1, max-image-preview:large, max-video-preview:-1\" \/>\n<link rel=\"canonical\" href=\"https:\/\/faciapmulher.org.br\/?p=147467\" \/>\n<meta property=\"og:locale\" content=\"pt_BR\" \/>\n<meta property=\"og:type\" content=\"article\" \/>\n<meta property=\"og:title\" content=\"Webinar especial com Marcia Mocelin Manfrin em comemora\u00e7\u00e3o ao Dia Internacional da Mulher.\u00a0 - FACIAP Mulher\" \/>\n<meta property=\"og:description\" content=\"Faciap em parceria com a Faciap Mulher, ir\u00e1 realizar um webinar especial em comemora\u00e7\u00e3o ao Dia Internacional da Mulher.\u00a0\" \/>\n<meta property=\"og:url\" content=\"https:\/\/faciapmulher.org.br\/?p=147467\" \/>\n<meta property=\"og:site_name\" content=\"FACIAP Mulher\" \/>\n<meta property=\"article:published_time\" content=\"2022-03-03T00:00:00+00:00\" \/>\n<meta property=\"article:modified_time\" content=\"2026-03-26T13:54:04+00:00\" \/>\n<meta property=\"og:image\" content=\"https:\/\/faciapmulher.org.br\/wp-content\/uploads\/2026\/03\/upload_69c53a77a572fjpg.jpg\" \/>\n\t<meta property=\"og:image:width\" content=\"1024\" \/>\n\t<meta property=\"og:image:height\" content=\"541\" \/>\n\t<meta property=\"og:image:type\" content=\"image\/jpeg\" \/>\n<meta name=\"author\" content=\"Edson Zion\" \/>\n<meta name=\"twitter:card\" content=\"summary_large_image\" \/>\n<meta name=\"twitter:label1\" content=\"Escrito por\" \/>\n\t<meta name=\"twitter:data1\" content=\"Edson Zion\" \/>\n\t<meta name=\"twitter:label2\" content=\"Est. tempo de leitura\" \/>\n\t<meta name=\"twitter:data2\" content=\"1 minuto\" \/>\n<script type=\"application\/ld+json\" class=\"yoast-schema-graph\">{\"@context\":\"https:\\\/\\\/schema.org\",\"@graph\":[{\"@type\":\"Article\",\"@id\":\"https:\\\/\\\/faciapmulher.org.br\\\/?p=147467#article\",\"isPartOf\":{\"@id\":\"https:\\\/\\\/faciapmulher.org.br\\\/?p=147467\"},\"author\":{\"name\":\"Edson Zion\",\"@id\":\"https:\\\/\\\/faciapmulher.org.br\\\/#\\\/schema\\\/person\\\/f7c3d66b1c5982715969efaaabd0c20a\"},\"headline\":\"Webinar especial com Marcia Mocelin Manfrin em comemora\u00e7\u00e3o ao Dia Internacional da Mulher.\u00a0\",\"datePublished\":\"2022-03-03T00:00:00+00:00\",\"dateModified\":\"2026-03-26T13:54:04+00:00\",\"mainEntityOfPage\":{\"@id\":\"https:\\\/\\\/faciapmulher.org.br\\\/?p=147467\"},\"wordCount\":129,\"commentCount\":0,\"publisher\":{\"@id\":\"https:\\\/\\\/faciapmulher.org.br\\\/#organization\"},\"image\":{\"@id\":\"https:\\\/\\\/faciapmulher.org.br\\\/?p=147467#primaryimage\"},\"thumbnailUrl\":\"https:\\\/\\\/faciapmulher.org.br\\\/wp-content\\\/uploads\\\/2026\\\/03\\\/upload_69c53a77a572fjpg.jpg\",\"articleSection\":[\"Uncategorized\"],\"inLanguage\":\"pt-BR\",\"potentialAction\":[{\"@type\":\"CommentAction\",\"name\":\"Comment\",\"target\":[\"https:\\\/\\\/faciapmulher.org.br\\\/?p=147467#respond\"]}]},{\"@type\":\"WebPage\",\"@id\":\"https:\\\/\\\/faciapmulher.org.br\\\/?p=147467\",\"url\":\"https:\\\/\\\/faciapmulher.org.br\\\/?p=147467\",\"name\":\"Webinar especial com Marcia Mocelin Manfrin em comemora\u00e7\u00e3o ao Dia Internacional da Mulher.\u00a0 - FACIAP Mulher\",\"isPartOf\":{\"@id\":\"https:\\\/\\\/faciapmulher.org.br\\\/#website\"},\"primaryImageOfPage\":{\"@id\":\"https:\\\/\\\/faciapmulher.org.br\\\/?p=147467#primaryimage\"},\"image\":{\"@id\":\"https:\\\/\\\/faciapmulher.org.br\\\/?p=147467#primaryimage\"},\"thumbnailUrl\":\"https:\\\/\\\/faciapmulher.org.br\\\/wp-content\\\/uploads\\\/2026\\\/03\\\/upload_69c53a77a572fjpg.jpg\",\"datePublished\":\"2022-03-03T00:00:00+00:00\",\"dateModified\":\"2026-03-26T13:54:04+00:00\",\"breadcrumb\":{\"@id\":\"https:\\\/\\\/faciapmulher.org.br\\\/?p=147467#breadcrumb\"},\"inLanguage\":\"pt-BR\",\"potentialAction\":[{\"@type\":\"ReadAction\",\"target\":[\"https:\\\/\\\/faciapmulher.org.br\\\/?p=147467\"]}]},{\"@type\":\"ImageObject\",\"inLanguage\":\"pt-BR\",\"@id\":\"https:\\\/\\\/faciapmulher.org.br\\\/?p=147467#primaryimage\",\"url\":\"https:\\\/\\\/faciapmulher.org.br\\\/wp-content\\\/uploads\\\/2026\\\/03\\\/upload_69c53a77a572fjpg.jpg\",\"contentUrl\":\"https:\\\/\\\/faciapmulher.org.br\\\/wp-content\\\/uploads\\\/2026\\\/03\\\/upload_69c53a77a572fjpg.jpg\",\"width\":1024,\"height\":541},{\"@type\":\"BreadcrumbList\",\"@id\":\"https:\\\/\\\/faciapmulher.org.br\\\/?p=147467#breadcrumb\",\"itemListElement\":[{\"@type\":\"ListItem\",\"position\":1,\"name\":\"In\u00edcio\",\"item\":\"https:\\\/\\\/faciapmulher.org.br\\\/\"},{\"@type\":\"ListItem\",\"position\":2,\"name\":\"Webinar especial com Marcia Mocelin Manfrin em comemora\u00e7\u00e3o ao Dia Internacional da Mulher.\u00a0\"}]},{\"@type\":\"WebSite\",\"@id\":\"https:\\\/\\\/faciapmulher.org.br\\\/#website\",\"url\":\"https:\\\/\\\/faciapmulher.org.br\\\/\",\"name\":\"FACIAP Mulher\",\"description\":\"\",\"publisher\":{\"@id\":\"https:\\\/\\\/faciapmulher.org.br\\\/#organization\"},\"potentialAction\":[{\"@type\":\"SearchAction\",\"target\":{\"@type\":\"EntryPoint\",\"urlTemplate\":\"https:\\\/\\\/faciapmulher.org.br\\\/?s={search_term_string}\"},\"query-input\":{\"@type\":\"PropertyValueSpecification\",\"valueRequired\":true,\"valueName\":\"search_term_string\"}}],\"inLanguage\":\"pt-BR\"},{\"@type\":\"Organization\",\"@id\":\"https:\\\/\\\/faciapmulher.org.br\\\/#organization\",\"name\":\"FACIAP Mulher\",\"url\":\"https:\\\/\\\/faciapmulher.org.br\\\/\",\"logo\":{\"@type\":\"ImageObject\",\"inLanguage\":\"pt-BR\",\"@id\":\"https:\\\/\\\/faciapmulher.org.br\\\/#\\\/schema\\\/logo\\\/image\\\/\",\"url\":\"https:\\\/\\\/faciapmulher.org.br\\\/wp-content\\\/uploads\\\/2024\\\/07\\\/caciopar_logo.jpg\",\"contentUrl\":\"https:\\\/\\\/faciapmulher.org.br\\\/wp-content\\\/uploads\\\/2024\\\/07\\\/caciopar_logo.jpg\",\"width\":1024,\"height\":236,\"caption\":\"FACIAP Mulher\"},\"image\":{\"@id\":\"https:\\\/\\\/faciapmulher.org.br\\\/#\\\/schema\\\/logo\\\/image\\\/\"}},{\"@type\":\"Person\",\"@id\":\"https:\\\/\\\/faciapmulher.org.br\\\/#\\\/schema\\\/person\\\/f7c3d66b1c5982715969efaaabd0c20a\",\"name\":\"Edson Zion\",\"image\":{\"@type\":\"ImageObject\",\"inLanguage\":\"pt-BR\",\"@id\":\"https:\\\/\\\/secure.gravatar.com\\\/avatar\\\/6a441ae7e9f2983d9532cf9879abc79f99460f3452ce1a11d1e2478e9b65a6f7?s=96&d=mm&r=g\",\"url\":\"https:\\\/\\\/secure.gravatar.com\\\/avatar\\\/6a441ae7e9f2983d9532cf9879abc79f99460f3452ce1a11d1e2478e9b65a6f7?s=96&d=mm&r=g\",\"contentUrl\":\"https:\\\/\\\/secure.gravatar.com\\\/avatar\\\/6a441ae7e9f2983d9532cf9879abc79f99460f3452ce1a11d1e2478e9b65a6f7?s=96&d=mm&r=g\",\"caption\":\"Edson Zion\"},\"url\":\"https:\\\/\\\/faciapmulher.org.br\\\/?author=13\"}]}<\/script>\n<!-- \/ Yoast SEO plugin. -->","yoast_head_json":{"title":"Webinar especial com Marcia Mocelin Manfrin em comemora\u00e7\u00e3o ao Dia Internacional da Mulher.\u00a0 - FACIAP Mulher","robots":{"index":"index","follow":"follow","max-snippet":"max-snippet:-1","max-image-preview":"max-image-preview:large","max-video-preview":"max-video-preview:-1"},"canonical":"https:\/\/faciapmulher.org.br\/?p=147467","og_locale":"pt_BR","og_type":"article","og_title":"Webinar especial com Marcia Mocelin Manfrin em comemora\u00e7\u00e3o ao Dia Internacional da Mulher.\u00a0 - FACIAP Mulher","og_description":"Faciap em parceria com a Faciap Mulher, ir\u00e1 realizar um webinar especial em comemora\u00e7\u00e3o ao Dia Internacional da Mulher.\u00a0","og_url":"https:\/\/faciapmulher.org.br\/?p=147467","og_site_name":"FACIAP Mulher","article_published_time":"2022-03-03T00:00:00+00:00","article_modified_time":"2026-03-26T13:54:04+00:00","og_image":[{"width":1024,"height":541,"url":"https:\/\/faciapmulher.org.br\/wp-content\/uploads\/2026\/03\/upload_69c53a77a572fjpg.jpg","type":"image\/jpeg"}],"author":"Edson Zion","twitter_card":"summary_large_image","twitter_misc":{"Escrito por":"Edson Zion","Est. tempo de leitura":"1 minuto"},"schema":{"@context":"https:\/\/schema.org","@graph":[{"@type":"Article","@id":"https:\/\/faciapmulher.org.br\/?p=147467#article","isPartOf":{"@id":"https:\/\/faciapmulher.org.br\/?p=147467"},"author":{"name":"Edson Zion","@id":"https:\/\/faciapmulher.org.br\/#\/schema\/person\/f7c3d66b1c5982715969efaaabd0c20a"},"headline":"Webinar especial com Marcia Mocelin Manfrin em comemora\u00e7\u00e3o ao Dia Internacional da Mulher.\u00a0","datePublished":"2022-03-03T00:00:00+00:00","dateModified":"2026-03-26T13:54:04+00:00","mainEntityOfPage":{"@id":"https:\/\/faciapmulher.org.br\/?p=147467"},"wordCount":129,"commentCount":0,"publisher":{"@id":"https:\/\/faciapmulher.org.br\/#organization"},"image":{"@id":"https:\/\/faciapmulher.org.br\/?p=147467#primaryimage"},"thumbnailUrl":"https:\/\/faciapmulher.org.br\/wp-content\/uploads\/2026\/03\/upload_69c53a77a572fjpg.jpg","articleSection":["Uncategorized"],"inLanguage":"pt-BR","potentialAction":[{"@type":"CommentAction","name":"Comment","target":["https:\/\/faciapmulher.org.br\/?p=147467#respond"]}]},{"@type":"WebPage","@id":"https:\/\/faciapmulher.org.br\/?p=147467","url":"https:\/\/faciapmulher.org.br\/?p=147467","name":"Webinar especial com Marcia Mocelin Manfrin em comemora\u00e7\u00e3o ao Dia Internacional da Mulher.\u00a0 - FACIAP Mulher","isPartOf":{"@id":"https:\/\/faciapmulher.org.br\/#website"},"primaryImageOfPage":{"@id":"https:\/\/faciapmulher.org.br\/?p=147467#primaryimage"},"image":{"@id":"https:\/\/faciapmulher.org.br\/?p=147467#primaryimage"},"thumbnailUrl":"https:\/\/faciapmulher.org.br\/wp-content\/uploads\/2026\/03\/upload_69c53a77a572fjpg.jpg","datePublished":"2022-03-03T00:00:00+00:00","dateModified":"2026-03-26T13:54:04+00:00","breadcrumb":{"@id":"https:\/\/faciapmulher.org.br\/?p=147467#breadcrumb"},"inLanguage":"pt-BR","potentialAction":[{"@type":"ReadAction","target":["https:\/\/faciapmulher.org.br\/?p=147467"]}]},{"@type":"ImageObject","inLanguage":"pt-BR","@id":"https:\/\/faciapmulher.org.br\/?p=147467#primaryimage","url":"https:\/\/faciapmulher.org.br\/wp-content\/uploads\/2026\/03\/upload_69c53a77a572fjpg.jpg","contentUrl":"https:\/\/faciapmulher.org.br\/wp-content\/uploads\/2026\/03\/upload_69c53a77a572fjpg.jpg","width":1024,"height":541},{"@type":"BreadcrumbList","@id":"https:\/\/faciapmulher.org.br\/?p=147467#breadcrumb","itemListElement":[{"@type":"ListItem","position":1,"name":"In\u00edcio","item":"https:\/\/faciapmulher.org.br\/"},{"@type":"ListItem","position":2,"name":"Webinar especial com Marcia Mocelin Manfrin em comemora\u00e7\u00e3o ao Dia Internacional da Mulher.\u00a0"}]},{"@type":"WebSite","@id":"https:\/\/faciapmulher.org.br\/#website","url":"https:\/\/faciapmulher.org.br\/","name":"FACIAP Mulher","description":"","publisher":{"@id":"https:\/\/faciapmulher.org.br\/#organization"},"potentialAction":[{"@type":"SearchAction","target":{"@type":"EntryPoint","urlTemplate":"https:\/\/faciapmulher.org.br\/?s={search_term_string}"},"query-input":{"@type":"PropertyValueSpecification","valueRequired":true,"valueName":"search_term_string"}}],"inLanguage":"pt-BR"},{"@type":"Organization","@id":"https:\/\/faciapmulher.org.br\/#organization","name":"FACIAP Mulher","url":"https:\/\/faciapmulher.org.br\/","logo":{"@type":"ImageObject","inLanguage":"pt-BR","@id":"https:\/\/faciapmulher.org.br\/#\/schema\/logo\/image\/","url":"https:\/\/faciapmulher.org.br\/wp-content\/uploads\/2024\/07\/caciopar_logo.jpg","contentUrl":"https:\/\/faciapmulher.org.br\/wp-content\/uploads\/2024\/07\/caciopar_logo.jpg","width":1024,"height":236,"caption":"FACIAP Mulher"},"image":{"@id":"https:\/\/faciapmulher.org.br\/#\/schema\/logo\/image\/"}},{"@type":"Person","@id":"https:\/\/faciapmulher.org.br\/#\/schema\/person\/f7c3d66b1c5982715969efaaabd0c20a","name":"Edson Zion","image":{"@type":"ImageObject","inLanguage":"pt-BR","@id":"https:\/\/secure.gravatar.com\/avatar\/6a441ae7e9f2983d9532cf9879abc79f99460f3452ce1a11d1e2478e9b65a6f7?s=96&d=mm&r=g","url":"https:\/\/secure.gravatar.com\/avatar\/6a441ae7e9f2983d9532cf9879abc79f99460f3452ce1a11d1e2478e9b65a6f7?s=96&d=mm&r=g","contentUrl":"https:\/\/secure.gravatar.com\/avatar\/6a441ae7e9f2983d9532cf9879abc79f99460f3452ce1a11d1e2478e9b65a6f7?s=96&d=mm&r=g","caption":"Edson Zion"},"url":"https:\/\/faciapmulher.org.br\/?author=13"}]}},"_links":{"self":[{"href":"https:\/\/faciapmulher.org.br\/index.php?rest_route=\/wp\/v2\/posts\/147467","targetHints":{"allow":["GET"]}}],"collection":[{"href":"https:\/\/faciapmulher.org.br\/index.php?rest_route=\/wp\/v2\/posts"}],"about":[{"href":"https:\/\/faciapmulher.org.br\/index.php?rest_route=\/wp\/v2\/types\/post"}],"author":[{"embeddable":true,"href":"https:\/\/faciapmulher.org.br\/index.php?rest_route=\/wp\/v2\/users\/13"}],"replies":[{"embeddable":true,"href":"https:\/\/faciapmulher.org.br\/index.php?rest_route=%2Fwp%2Fv2%2Fcomments&post=147467"}],"version-history":[{"count":1,"href":"https:\/\/faciapmulher.org.br\/index.php?rest_route=\/wp\/v2\/posts\/147467\/revisions"}],"predecessor-version":[{"id":147469,"href":"https:\/\/faciapmulher.org.br\/index.php?rest_route=\/wp\/v2\/posts\/147467\/revisions\/147469"}],"wp:featuredmedia":[{"embeddable":true,"href":"https:\/\/faciapmulher.org.br\/index.php?rest_route=\/wp\/v2\/media\/147468"}],"wp:attachment":[{"href":"https:\/\/faciapmulher.org.br\/index.php?rest_route=%2Fwp%2Fv2%2Fmedia&parent=147467"}],"wp:term":[{"taxonomy":"category","embeddable":true,"href":"https:\/\/faciapmulher.org.br\/index.php?rest_route=%2Fwp%2Fv2%2Fcategories&post=147467"},{"taxonomy":"post_tag","embeddable":true,"href":"https:\/\/faciapmulher.org.br\/index.php?rest_route=%2Fwp%2Fv2%2Ftags&post=147467"},{"taxonomy":"categorias-noticias","embeddable":true,"href":"https:\/\/faciapmulher.org.br\/index.php?rest_route=%2Fwp%2Fv2%2Fcategorias-noticias&post=147467"},{"taxonomy":"noticia-do-sistema","embeddable":true,"href":"https:\/\/faciapmulher.org.br\/index.php?rest_route=%2Fwp%2Fv2%2Fnoticia-do-sistema&post=147467"}],"curies":[{"name":"wp","href":"https:\/\/api.w.org\/{rel}","templated":true}]}}