{"id":147494,"date":"2022-04-19T00:00:00","date_gmt":"2022-04-19T00:00:00","guid":{"rendered":"https:\/\/faciapmulher.org.br\/?p=147494"},"modified":"2026-03-26T13:56:02","modified_gmt":"2026-03-26T13:56:02","slug":"empresarias-recebem-mocao-honrosa-promovida-pelo-nucleo-da-mulher-empresaria-de-beltrao","status":"publish","type":"post","link":"https:\/\/faciapmulher.org.br\/?p=147494","title":{"rendered":"Empres\u00e1rias recebem Mo\u00e7\u00e3o Honrosa promovida pelo N\u00facleo da Mulher Empres\u00e1ria de Beltr\u00e3o"},"content":{"rendered":"<p>Com o tema &ldquo;Mulheres que inspiram&rdquo;, o evento reuniu mais de 300 pessoas no sal&atilde;o de festas, bailes e formaturas do Santa F&eacute; Clube de Campo. O patroc&iacute;nio m&aacute;ster foi da Cresol com apoio da Cl&iacute;nica de Est&eacute;tica Sant&ecirc;, Ester Avila, Fina Stampa, Pretty, Studio G, Vanessa Teles Beauty e Ampernet. Todo o ambiente foi especialmente preparado para receber os convidados, que foram recepcionados com belas m&uacute;sicas num local harmonioso e aconchegante.<\/p>\n<p>A noite proporcionou aos participantes vivenciarem a emo&ccedil;&atilde;o de conhecer a hist&oacute;ria de mulheres de destaque, que fazem a diferen&ccedil;a tanto no meio empresarial quanto social. A coordenadora do NMFB, empres&aacute;ria Rose Pedron, agradeceu pela presen&ccedil;a dos convidados. &ldquo;O evento foi preparado com muito carinho e s&oacute; foi poss&iacute;vel porque voc&ecirc;s est&atilde;o aqui. &Eacute; um evento para mulheres que inspiram umas &agrave;s outras. Quero levar tamb&eacute;m nosso carinho &agrave;s mulheres da Ucr&acirc;nia, que em pleno s&eacute;culo 21 sofrem com uma guerra absurda, sem nenhuma necessidade&rdquo;. Tamb&eacute;m participou a presidente da Cacispar Mulher, Paola Battistella.<\/p>\n<p>Teve ainda desfile de moda, onde foi mostrando o potencial de neg&oacute;cios de Beltr&atilde;o, valorizando o trabalho e a beleza feminina. O evento gerou novas conex&otilde;es, fortaleceu v&iacute;nculos e oportunizou momentos para gera&ccedil;&atilde;o de novas parcerias e neg&oacute;cios.<\/p>\n<p><strong>Agradecimento especial<\/strong><\/p>\n<p>Rose destaca o papel fundamental que a imprensa tem perante &agrave; sociedade. &ldquo;&Eacute; a imprensa que leva as informa&ccedil;&otilde;es para o p&uacute;blico, tudo que realizamos nesta noite [quarta] n&atilde;o seria nada se nossos amigos das r&aacute;dios, TVs, jornais, revistas e portais n&atilde;o produzissem not&iacute;cias. S&oacute; temos a agradecer pela ampla cobertura que &eacute; feita&rdquo;, agradece.<\/p>\n<p>*A transmiss&atilde;o completa do evento pode ser conferida no Facebook da Acefb &ndash;&nbsp;<a href=\"https:\/\/fb.watch\/bP01ofJ9j3\/.*\">https:\/\/fb.watch\/bP01ofJ9j3\/.*<\/a><\/p>\n<p><strong>*Hist&oacute;ria de vida das homenageadas*<\/strong><\/p>\n<p><strong>Eda Jacira Alves de Souza:<\/strong>&nbsp;No dia 23 de julho de 1840, Dom Pedro de Alc&acirc;ntara torna-se imperador do Brasil, com 14 anos. No dia 23 de julho de 1970, na cidade de Eneas Marques, numa &aacute;rea rural arborizada, cortada por uma pequena sanga, que saciava a sede dos v&aacute;rios animais e aves da propriedade, Nasceu a Filha do Seo Orn&eacute;lio Alves de Souza e da Dona Colorinda Assonalho de Souza.<\/p>\n<p>A casa era de madeira, simples, mas havia muito amor entre os 8 filhos do casal. Na propriedade havia uma grande planta&ccedil;&atilde;o de feij&atilde;o e milho, mas tudo era para o consumo da fam&iacute;lia e dos animais. Ela trabalhou at&eacute; 1995 nas atividades agropecu&aacute;rias da fam&iacute;lia.<\/p>\n<p>Aos 25 anos, Eda iniciou sua carreira acad&ecirc;mica no curso de Economia dom&eacute;stica, na ent&atilde;o Facibel, atual Unioeste. Diante da grande dificuldade do meio de locomo&ccedil;&atilde;o que era enfrentado, ela resolve morar em Francisco Beltr&atilde;o, uma cidade promissora e que apresentava grande potencial de desenvolvimento. Acertou em cheio, ingressou fazendo est&aacute;gio na empresa 3&deg; a&ccedil;&atilde;o no ramo de limpeza e conserva&ccedil;&atilde;o, foi efetivada em 1998 na qual permaneceu at&eacute; o ano de 2008 quando a empresa encerrou suas atividades.&nbsp; A preocupa&ccedil;&atilde;o bateu a sua porta e a beira do desemprego surge um &iacute;mpeto empreendedor.<\/p>\n<p>Ela resolve empreender e continuar na mesma atividade. Agora junto com seu marido Jo&atilde;o Batista, abrem ent&atilde;o a Servicol.&nbsp; E no ano seguinte em 2009 surge sua segunda empresa a Limpcol, na &aacute;rea de controle de pragas urbanas e limpeza de caixa d&#39;&aacute;gua. Al&eacute;m de estar &agrave; frente das duas empresas, ainda tem seus 2 filhos, Ingrid, com 19 anos e Jo&atilde;o Henrique, 12 anos.<\/p>\n<p>Os desafios em sua rotina pesada s&atilde;o constantes, e mostram dia ap&oacute;s dia a for&ccedil;a e a determina&ccedil;&atilde;o feminina, os quais ela se orgulha, batalhando pelo crescimento pessoal e profissional. Todas as mulheres s&atilde;o fortes, elas s&oacute; precisam se conhecer e concentrar suas for&ccedil;as no que querem.<\/p>\n<p><strong>Elizabeth Carboni:<\/strong>&nbsp;O ano era 1952, Capanema foi elevada &agrave; categoria de Munic&iacute;pio, neste ano realizou-se a primeira elei&ccedil;&atilde;o para o cargo de Prefeito Municipal, sendo eleito o Sr. Ot&aacute;vio Francisco de Mattos, com 44 votos. Cinco anos depois, em 1957, em meio ao grande conflito que marcou a hist&oacute;ria do Sudoeste, a Revolta dos Posseiros, exatamente no dia 29 de junho 1957 em Capanema, uma cidade circundada por &aacute;guas dos rios Capanema, Siemes e o grande e majestoso rio Igua&ccedil;u, nasceu uma Crian&ccedil;a curiosa, inquieta, magricela de estatura alta, maior que todas as outras crian&ccedil;as, ela sofria muitas chacotas, mas tudo era motivo de risos e brincadeiras.<\/p>\n<p>Muito cedo come&ccedil;ou a praticar esportes, jogando handebol e v&ocirc;lei&nbsp;&nbsp; representado a cidade no jogos abertos, nos escolares nas &ldquo;olimp&iacute;adas&rdquo; entre escolas, em todas as competi&ccedil;&otilde;es (tipo piolho de quadra), chegando a defender a sele&ccedil;&atilde;o paranaense de handebol.<\/p>\n<p>A pr&aacute;tica de esportes foi sua grande paix&atilde;o.&nbsp; Como toda boa fam&iacute;lia Italiana, os filhos come&ccedil;am a trabalhar muito cedo, Neta e Filha de a&ccedil;ougueiros l&aacute; foi ela trabalhar no a&ccedil;ougue ainda na adolesc&ecirc;ncia, trabalho &aacute;rduo, dif&iacute;cil para meninas realizar, mas ela e sua irm&atilde; Lurdes faziam com maestria. Os estudos sempre foram importantes. &Eacute; professora de forma&ccedil;&atilde;o, t&eacute;cnica em contabilidade e administradora, registramos aqui uma das atividades que muito lhe orgulha: coordenadora do mobral, projeto este que alfabetizava adultos principalmente do interior. Ainda muito jovem, o esp&iacute;rito empreendedor era latente, junto com o saudoso professor Valdelirio Michel e sua amiga de inf&acirc;ncia Londi Markus criaram o Jornal &ldquo;O Trombeta&rdquo; sua primeira empresa.<\/p>\n<p>Todos os eventos na d&eacute;cada de 70 e 80 realizados em Capanema l&aacute; estava ela na organiza&ccedil;&atilde;o, no trabalho duro, citando alguns destes eventos:&nbsp; fanfarra, festival da can&ccedil;&atilde;o, baile do Hava&iacute;, baile do Chopp. No in&iacute;cio da d&eacute;cada de 80, mais precisamente em 1982 virou cidad&atilde; beltronense.<\/p>\n<p>Casou e veio residir em Beltr&atilde;o. Casada com Ruben Buss, corretor de seguros, tiveram duas filhas, a Fernanda Carboni Buss e Mariana Carboni Buss. No ano de 1983 iniciou sua hist&oacute;ria profissional em Francisco Beltr&atilde;o, professora no Col&eacute;gio das Irm&atilde;s &ldquo;O Col&eacute;gio Gl&oacute;ria&rdquo; atuando com 3&ordf; s&eacute;rie na parte da tarde e Matem&aacute;tica na parte da manh&atilde;.<\/p>\n<p>Sempre quis ser m&atilde;e, e, se questionava se sendo continuaria com a doc&ecirc;ncia.&nbsp; No final de 1986 nasceu a Fernanda e a professora, encerrou suas atividades. Come&ccedil;ou ent&atilde;o a trabalhar na Corretora de Seguros junto com o Ruben, pai das suas filhas.<\/p>\n<p>E seguro, como ela costuma dizer; ou voc&ecirc; se apaixona ou larga. Ela se apaixonou.<\/p>\n<p>No ano 2.000, iniciou sua carreira solo, fundou a Carboni Corretora de Seguros sem muita escolha: ou dava certo ou dava certo, ufa deu certo, sofreu preconceito, quebrou paradigmas, lutou muito,&nbsp; aprendeu&nbsp; e trabalhou muito. &Eacute; vanguarda. &Eacute; corretora de seguros. A Carboni corretora &eacute; uma cria que deu certo. Como n&atilde;o poderia ser diferente, nesta Marrecas que t&atilde;o bem lhe acolheu, tamb&eacute;m contribuiu. Foi catequista na igreja concatedral, no bairro centro. No Marrecas Clube teve grande participa&ccedil;&atilde;o nos carnavais, na diretoria, nos departamentos.<\/p>\n<p>Na d&eacute;cada de 90 foi coordenadora Regional do antigo IPE &#8211;&nbsp; Instituto de Previd&ecirc;ncia do Estado. Faz parte do Conselho, hoje N&uacute;cleo da Mulher Empres&aacute;ria h&aacute; mais de 25 anos, coordenou a Expofeira Mulher em 2017, inovou e aquilo que j&aacute; era bom ficou ainda melhor. Hoje, al&eacute;m de tudo isso, ela &eacute; av&oacute; da Lu&iacute;sa, ama cozinhar, receber os amigos e dar boas risadas.<\/p>\n<p><strong>Loiri Grassi Hilesheim:<\/strong>&nbsp;O Brasil recebeu imigrantes de v&aacute;rias nacionalidades e apesar disso, a imigra&ccedil;&atilde;o italiana no Brasil &ndash; e o imigrante italiano &ndash; se destacou diante de todos eles. Conquistou seu espa&ccedil;o e criou ra&iacute;zes que fazem com que as comunidades italianas sejam muito ativas ainda hoje no Brasil.<\/p>\n<p>No dia 29 de outubro de 1965 o interior de Francisco Beltr&atilde;o ouviu um pequeno choro em italiano, ali nascia mais uma descendente Italiana, teve uma inf&acirc;ncia com condi&ccedil;&otilde;es muito prec&aacute;rias. Mas tudo bem, isso s&oacute; torna as pessoas fortes para enfrentar a vida. Essa menina se casou em 1985 com Valdir Hilesheim, uma pessoa muito especial para ela e para todos que o conheciam. Tiveram 2 filhos, Kadije e Vinicius, que s&atilde;o o orgulho da m&atilde;e. Mas um fato triste para a fam&iacute;lia aconteceu, e de repente Valdir recebeu um chamado do grande Pai Celestial, pela vontade de Deus foi escolhido para morar junto Dele em 2002.<\/p>\n<p>Ela e seus filhos tiveram que enfrentar uma vida totalmente diferente a que estavam acostumados, teve que assumir a Empresa Painecolor, onde s&oacute; ele trabalhava antes, ela n&atilde;o entendia nada, estava completamente perdida, al&eacute;m da tristeza que pairava sobre sua fam&iacute;lia em fun&ccedil;&atilde;o da perda de Valdir, teve que assumir uma nova vida, mas foi em frente. Dedicou-se ao m&aacute;ximo, aprendeu administrar a empresa e hoje quando olha para tr&aacute;s sente um orgulho danado de si mesma.<\/p>\n<p>Foram dias terr&iacute;veis, muita dor, depress&atilde;o, ang&uacute;stia, enfim, muita tristeza e luta. Mas &eacute; na dor que se aprende rapidinho e n&atilde;o na alegria. Foi a&iacute; que se encontrou com Deus e com pessoas que lhe ajudaram a aceitar a vontade do Pai Celestial. Foi em frente e conquistou a confian&ccedil;a de muitos clientes que deram a oportunidade de mostrar o seu trabalho.<\/p>\n<p>Acreditem&#8230;. O ser humano &eacute; muito bom, levem essa certeza com voc&ecirc;s. Passaram-se anos e com a veia do empreendedorismo pulsando forte em sua ess&ecirc;ncia, mudou seu ramo de trabalho, seu filho j&aacute; era de maior e assumiu os neg&oacute;cios que eram de seu pai. Hoje ela trabalha no ramo de materiais el&eacute;tricos e ilumina&ccedil;&atilde;o, sua Estrela Guia onde o nome foi inspirado por Deus e com gratid&atilde;o a Ele estar&aacute; reinaugurando uma nova loja com um lindo projeto para melhor atender seus clientes.<\/p>\n<p>Hoje &eacute; uma pessoa muito feliz e realizada, pois possui a mais grande riqueza da vida, sua filha Kadije, seu filho Vinicius e seus netos, suas princesas B&aacute;rbara, Isabela, Lorena e o pr&iacute;ncipe Valentin e claro, Deus em primeiro lugar. Est&aacute; muito grata com essa homenagem, agradece a todas por esse carinho e pela confian&ccedil;a em seu trabalho. Ela manda um recado aqui que, ama todas voc&ecirc;s!<\/p>\n","protected":false},"excerpt":{"rendered":"<p>As tr\u00eas mulheres homenageadas com a \u201cMo\u00e7\u00e3o Honrosa 8 de Mar\u00e7o\u201d nesta quarta-feira, 16 de mar\u00e7o, pelas integrantes do N\u00facleo da Mulher Empres\u00e1ria de Francisco Beltr\u00e3o (NMEFB), vinculado \u00e0 Associa\u00e7\u00e3o Em<\/p>\n","protected":false},"author":13,"featured_media":147495,"comment_status":"open","ping_status":"closed","sticky":false,"template":"","format":"standard","meta":{"_acf_changed":false,"_joinchat":[],"footnotes":""},"categories":[1],"tags":[],"categorias-noticias":[149],"noticia-do-sistema":[],"class_list":["post-147494","post","type-post","status-publish","format-standard","has-post-thumbnail","hentry","category-uncategorized","categorias-noticias-institucional"],"acf":{"galeria_noticia":[{"id":147495,"title":"upload_69c53ac8c8b8fjpg","caption":"","full_image_url":"https:\/\/faciapmulher.org.br\/wp-content\/uploads\/2026\/03\/upload_69c53ac8c8b8fjpg.jpg","thumbnail_image_url":"https:\/\/faciapmulher.org.br\/wp-content\/uploads\/2026\/03\/upload_69c53ac8c8b8fjpg-150x150.jpg","large_srcset":"https:\/\/faciapmulher.org.br\/wp-content\/uploads\/2026\/03\/upload_69c53ac8c8b8fjpg.jpg 1024w, https:\/\/faciapmulher.org.br\/wp-content\/uploads\/2026\/03\/upload_69c53ac8c8b8fjpg-300x199.jpg 300w, https:\/\/faciapmulher.org.br\/wp-content\/uploads\/2026\/03\/upload_69c53ac8c8b8fjpg-768x510.jpg 768w","medium_srcset":"https:\/\/faciapmulher.org.br\/wp-content\/uploads\/2026\/03\/upload_69c53ac8c8b8fjpg-300x199.jpg 300w, https:\/\/faciapmulher.org.br\/wp-content\/uploads\/2026\/03\/upload_69c53ac8c8b8fjpg-768x510.jpg 768w, https:\/\/faciapmulher.org.br\/wp-content\/uploads\/2026\/03\/upload_69c53ac8c8b8fjpg.jpg 1024w","media_details":{"width":1024,"height":680,"sizes":{"medium":{"file":"upload_69c53ac8c8b8fjpg-300x199.jpg","width":300,"height":199,"mime-type":"image\/jpeg","filesize":15519,"source_url":"https:\/\/faciapmulher.org.br\/wp-content\/uploads\/2026\/03\/upload_69c53ac8c8b8fjpg-300x199.jpg"},"thumbnail":{"file":"upload_69c53ac8c8b8fjpg-150x150.jpg","width":150,"height":150,"mime-type":"image\/jpeg","filesize":7461,"source_url":"https:\/\/faciapmulher.org.br\/wp-content\/uploads\/2026\/03\/upload_69c53ac8c8b8fjpg-150x150.jpg"},"medium_large":{"file":"upload_69c53ac8c8b8fjpg-768x510.jpg","width":768,"height":510,"mime-type":"image\/jpeg","filesize":76059,"source_url":"https:\/\/faciapmulher.org.br\/wp-content\/uploads\/2026\/03\/upload_69c53ac8c8b8fjpg-768x510.jpg"}}},"alt_text":"","url":"","target":""},{"id":147497,"title":"upload_69c53ace781b4jpg","caption":"","full_image_url":"https:\/\/faciapmulher.org.br\/wp-content\/uploads\/2026\/03\/upload_69c53ace781b4jpg.jpg","thumbnail_image_url":"https:\/\/faciapmulher.org.br\/wp-content\/uploads\/2026\/03\/upload_69c53ace781b4jpg-150x150.jpg","large_srcset":"https:\/\/faciapmulher.org.br\/wp-content\/uploads\/2026\/03\/upload_69c53ace781b4jpg.jpg 1024w, https:\/\/faciapmulher.org.br\/wp-content\/uploads\/2026\/03\/upload_69c53ace781b4jpg-300x199.jpg 300w, https:\/\/faciapmulher.org.br\/wp-content\/uploads\/2026\/03\/upload_69c53ace781b4jpg-768x510.jpg 768w","medium_srcset":"https:\/\/faciapmulher.org.br\/wp-content\/uploads\/2026\/03\/upload_69c53ace781b4jpg-300x199.jpg 300w, https:\/\/faciapmulher.org.br\/wp-content\/uploads\/2026\/03\/upload_69c53ace781b4jpg-768x510.jpg 768w, https:\/\/faciapmulher.org.br\/wp-content\/uploads\/2026\/03\/upload_69c53ace781b4jpg.jpg 1024w","media_details":{"width":1024,"height":680,"sizes":{"medium":{"file":"upload_69c53ace781b4jpg-300x199.jpg","width":300,"height":199,"mime-type":"image\/jpeg","filesize":14688,"source_url":"https:\/\/faciapmulher.org.br\/wp-content\/uploads\/2026\/03\/upload_69c53ace781b4jpg-300x199.jpg"},"thumbnail":{"file":"upload_69c53ace781b4jpg-150x150.jpg","width":150,"height":150,"mime-type":"image\/jpeg","filesize":7308,"source_url":"https:\/\/faciapmulher.org.br\/wp-content\/uploads\/2026\/03\/upload_69c53ace781b4jpg-150x150.jpg"},"medium_large":{"file":"upload_69c53ace781b4jpg-768x510.jpg","width":768,"height":510,"mime-type":"image\/jpeg","filesize":62924,"source_url":"https:\/\/faciapmulher.org.br\/wp-content\/uploads\/2026\/03\/upload_69c53ace781b4jpg-768x510.jpg"}}},"alt_text":"","url":"","target":""},{"id":147498,"title":"upload_69c53ad2c0002jpg","caption":"","full_image_url":"https:\/\/faciapmulher.org.br\/wp-content\/uploads\/2026\/03\/upload_69c53ad2c0002jpg.jpg","thumbnail_image_url":"https:\/\/faciapmulher.org.br\/wp-content\/uploads\/2026\/03\/upload_69c53ad2c0002jpg-150x150.jpg","large_srcset":"https:\/\/faciapmulher.org.br\/wp-content\/uploads\/2026\/03\/upload_69c53ad2c0002jpg.jpg 1024w, https:\/\/faciapmulher.org.br\/wp-content\/uploads\/2026\/03\/upload_69c53ad2c0002jpg-300x199.jpg 300w, https:\/\/faciapmulher.org.br\/wp-content\/uploads\/2026\/03\/upload_69c53ad2c0002jpg-768x510.jpg 768w","medium_srcset":"https:\/\/faciapmulher.org.br\/wp-content\/uploads\/2026\/03\/upload_69c53ad2c0002jpg-300x199.jpg 300w, https:\/\/faciapmulher.org.br\/wp-content\/uploads\/2026\/03\/upload_69c53ad2c0002jpg-768x510.jpg 768w, https:\/\/faciapmulher.org.br\/wp-content\/uploads\/2026\/03\/upload_69c53ad2c0002jpg.jpg 1024w","media_details":{"width":1024,"height":680,"sizes":{"medium":{"file":"upload_69c53ad2c0002jpg-300x199.jpg","width":300,"height":199,"mime-type":"image\/jpeg","filesize":13969,"source_url":"https:\/\/faciapmulher.org.br\/wp-content\/uploads\/2026\/03\/upload_69c53ad2c0002jpg-300x199.jpg"},"thumbnail":{"file":"upload_69c53ad2c0002jpg-150x150.jpg","width":150,"height":150,"mime-type":"image\/jpeg","filesize":6883,"source_url":"https:\/\/faciapmulher.org.br\/wp-content\/uploads\/2026\/03\/upload_69c53ad2c0002jpg-150x150.jpg"},"medium_large":{"file":"upload_69c53ad2c0002jpg-768x510.jpg","width":768,"height":510,"mime-type":"image\/jpeg","filesize":65727,"source_url":"https:\/\/faciapmulher.org.br\/wp-content\/uploads\/2026\/03\/upload_69c53ad2c0002jpg-768x510.jpg"}}},"alt_text":"","url":"","target":""},{"id":147499,"title":"upload_69c53ad76e891jpg","caption":"","full_image_url":"https:\/\/faciapmulher.org.br\/wp-content\/uploads\/2026\/03\/upload_69c53ad76e891jpg.jpg","thumbnail_image_url":"https:\/\/faciapmulher.org.br\/wp-content\/uploads\/2026\/03\/upload_69c53ad76e891jpg-150x150.jpg","large_srcset":"https:\/\/faciapmulher.org.br\/wp-content\/uploads\/2026\/03\/upload_69c53ad76e891jpg.jpg 1024w, https:\/\/faciapmulher.org.br\/wp-content\/uploads\/2026\/03\/upload_69c53ad76e891jpg-300x199.jpg 300w, https:\/\/faciapmulher.org.br\/wp-content\/uploads\/2026\/03\/upload_69c53ad76e891jpg-768x510.jpg 768w","medium_srcset":"https:\/\/faciapmulher.org.br\/wp-content\/uploads\/2026\/03\/upload_69c53ad76e891jpg-300x199.jpg 300w, https:\/\/faciapmulher.org.br\/wp-content\/uploads\/2026\/03\/upload_69c53ad76e891jpg-768x510.jpg 768w, https:\/\/faciapmulher.org.br\/wp-content\/uploads\/2026\/03\/upload_69c53ad76e891jpg.jpg 1024w","media_details":{"width":1024,"height":680,"sizes":{"medium":{"file":"upload_69c53ad76e891jpg-300x199.jpg","width":300,"height":199,"mime-type":"image\/jpeg","filesize":20340,"source_url":"https:\/\/faciapmulher.org.br\/wp-content\/uploads\/2026\/03\/upload_69c53ad76e891jpg-300x199.jpg"},"thumbnail":{"file":"upload_69c53ad76e891jpg-150x150.jpg","width":150,"height":150,"mime-type":"image\/jpeg","filesize":8877,"source_url":"https:\/\/faciapmulher.org.br\/wp-content\/uploads\/2026\/03\/upload_69c53ad76e891jpg-150x150.jpg"},"medium_large":{"file":"upload_69c53ad76e891jpg-768x510.jpg","width":768,"height":510,"mime-type":"image\/jpeg","filesize":102779,"source_url":"https:\/\/faciapmulher.org.br\/wp-content\/uploads\/2026\/03\/upload_69c53ad76e891jpg-768x510.jpg"}}},"alt_text":"","url":"","target":""},{"id":147500,"title":"upload_69c53adc0c4c5jpg","caption":"","full_image_url":"https:\/\/faciapmulher.org.br\/wp-content\/uploads\/2026\/03\/upload_69c53adc0c4c5jpg.jpg","thumbnail_image_url":"https:\/\/faciapmulher.org.br\/wp-content\/uploads\/2026\/03\/upload_69c53adc0c4c5jpg-150x150.jpg","large_srcset":"https:\/\/faciapmulher.org.br\/wp-content\/uploads\/2026\/03\/upload_69c53adc0c4c5jpg.jpg 1024w, https:\/\/faciapmulher.org.br\/wp-content\/uploads\/2026\/03\/upload_69c53adc0c4c5jpg-300x199.jpg 300w, https:\/\/faciapmulher.org.br\/wp-content\/uploads\/2026\/03\/upload_69c53adc0c4c5jpg-768x510.jpg 768w","medium_srcset":"https:\/\/faciapmulher.org.br\/wp-content\/uploads\/2026\/03\/upload_69c53adc0c4c5jpg-300x199.jpg 300w, https:\/\/faciapmulher.org.br\/wp-content\/uploads\/2026\/03\/upload_69c53adc0c4c5jpg-768x510.jpg 768w, https:\/\/faciapmulher.org.br\/wp-content\/uploads\/2026\/03\/upload_69c53adc0c4c5jpg.jpg 1024w","media_details":{"width":1024,"height":680,"sizes":{"medium":{"file":"upload_69c53adc0c4c5jpg-300x199.jpg","width":300,"height":199,"mime-type":"image\/jpeg","filesize":17148,"source_url":"https:\/\/faciapmulher.org.br\/wp-content\/uploads\/2026\/03\/upload_69c53adc0c4c5jpg-300x199.jpg"},"thumbnail":{"file":"upload_69c53adc0c4c5jpg-150x150.jpg","width":150,"height":150,"mime-type":"image\/jpeg","filesize":7985,"source_url":"https:\/\/faciapmulher.org.br\/wp-content\/uploads\/2026\/03\/upload_69c53adc0c4c5jpg-150x150.jpg"},"medium_large":{"file":"upload_69c53adc0c4c5jpg-768x510.jpg","width":768,"height":510,"mime-type":"image\/jpeg","filesize":78854,"source_url":"https:\/\/faciapmulher.org.br\/wp-content\/uploads\/2026\/03\/upload_69c53adc0c4c5jpg-768x510.jpg"}}},"alt_text":"","url":"","target":""},{"id":147501,"title":"upload_69c53ae0d50f8jpg","caption":"","full_image_url":"https:\/\/faciapmulher.org.br\/wp-content\/uploads\/2026\/03\/upload_69c53ae0d50f8jpg.jpg","thumbnail_image_url":"https:\/\/faciapmulher.org.br\/wp-content\/uploads\/2026\/03\/upload_69c53ae0d50f8jpg-150x150.jpg","large_srcset":"https:\/\/faciapmulher.org.br\/wp-content\/uploads\/2026\/03\/upload_69c53ae0d50f8jpg.jpg 1024w, https:\/\/faciapmulher.org.br\/wp-content\/uploads\/2026\/03\/upload_69c53ae0d50f8jpg-300x199.jpg 300w, https:\/\/faciapmulher.org.br\/wp-content\/uploads\/2026\/03\/upload_69c53ae0d50f8jpg-768x510.jpg 768w","medium_srcset":"https:\/\/faciapmulher.org.br\/wp-content\/uploads\/2026\/03\/upload_69c53ae0d50f8jpg-300x199.jpg 300w, https:\/\/faciapmulher.org.br\/wp-content\/uploads\/2026\/03\/upload_69c53ae0d50f8jpg-768x510.jpg 768w, https:\/\/faciapmulher.org.br\/wp-content\/uploads\/2026\/03\/upload_69c53ae0d50f8jpg.jpg 1024w","media_details":{"width":1024,"height":680,"sizes":{"medium":{"file":"upload_69c53ae0d50f8jpg-300x199.jpg","width":300,"height":199,"mime-type":"image\/jpeg","filesize":15549,"source_url":"https:\/\/faciapmulher.org.br\/wp-content\/uploads\/2026\/03\/upload_69c53ae0d50f8jpg-300x199.jpg"},"thumbnail":{"file":"upload_69c53ae0d50f8jpg-150x150.jpg","width":150,"height":150,"mime-type":"image\/jpeg","filesize":8021,"source_url":"https:\/\/faciapmulher.org.br\/wp-content\/uploads\/2026\/03\/upload_69c53ae0d50f8jpg-150x150.jpg"},"medium_large":{"file":"upload_69c53ae0d50f8jpg-768x510.jpg","width":768,"height":510,"mime-type":"image\/jpeg","filesize":67534,"source_url":"https:\/\/faciapmulher.org.br\/wp-content\/uploads\/2026\/03\/upload_69c53ae0d50f8jpg-768x510.jpg"}}},"alt_text":"","url":"","target":""},{"id":147502,"title":"upload_69c53ae51c7d9jpg","caption":"","full_image_url":"https:\/\/faciapmulher.org.br\/wp-content\/uploads\/2026\/03\/upload_69c53ae51c7d9jpg.jpg","thumbnail_image_url":"https:\/\/faciapmulher.org.br\/wp-content\/uploads\/2026\/03\/upload_69c53ae51c7d9jpg-150x150.jpg","large_srcset":"https:\/\/faciapmulher.org.br\/wp-content\/uploads\/2026\/03\/upload_69c53ae51c7d9jpg.jpg 1024w, https:\/\/faciapmulher.org.br\/wp-content\/uploads\/2026\/03\/upload_69c53ae51c7d9jpg-300x199.jpg 300w, https:\/\/faciapmulher.org.br\/wp-content\/uploads\/2026\/03\/upload_69c53ae51c7d9jpg-768x510.jpg 768w","medium_srcset":"https:\/\/faciapmulher.org.br\/wp-content\/uploads\/2026\/03\/upload_69c53ae51c7d9jpg-300x199.jpg 300w, https:\/\/faciapmulher.org.br\/wp-content\/uploads\/2026\/03\/upload_69c53ae51c7d9jpg-768x510.jpg 768w, https:\/\/faciapmulher.org.br\/wp-content\/uploads\/2026\/03\/upload_69c53ae51c7d9jpg.jpg 1024w","media_details":{"width":1024,"height":680,"sizes":{"medium":{"file":"upload_69c53ae51c7d9jpg-300x199.jpg","width":300,"height":199,"mime-type":"image\/jpeg","filesize":15924,"source_url":"https:\/\/faciapmulher.org.br\/wp-content\/uploads\/2026\/03\/upload_69c53ae51c7d9jpg-300x199.jpg"},"thumbnail":{"file":"upload_69c53ae51c7d9jpg-150x150.jpg","width":150,"height":150,"mime-type":"image\/jpeg","filesize":7845,"source_url":"https:\/\/faciapmulher.org.br\/wp-content\/uploads\/2026\/03\/upload_69c53ae51c7d9jpg-150x150.jpg"},"medium_large":{"file":"upload_69c53ae51c7d9jpg-768x510.jpg","width":768,"height":510,"mime-type":"image\/jpeg","filesize":70275,"source_url":"https:\/\/faciapmulher.org.br\/wp-content\/uploads\/2026\/03\/upload_69c53ae51c7d9jpg-768x510.jpg"}}},"alt_text":"","url":"","target":""},{"id":147503,"title":"upload_69c53ae9640c3jpg","caption":"","full_image_url":"https:\/\/faciapmulher.org.br\/wp-content\/uploads\/2026\/03\/upload_69c53ae9640c3jpg.jpg","thumbnail_image_url":"https:\/\/faciapmulher.org.br\/wp-content\/uploads\/2026\/03\/upload_69c53ae9640c3jpg-150x150.jpg","large_srcset":"https:\/\/faciapmulher.org.br\/wp-content\/uploads\/2026\/03\/upload_69c53ae9640c3jpg.jpg 1024w, https:\/\/faciapmulher.org.br\/wp-content\/uploads\/2026\/03\/upload_69c53ae9640c3jpg-300x199.jpg 300w, https:\/\/faciapmulher.org.br\/wp-content\/uploads\/2026\/03\/upload_69c53ae9640c3jpg-768x510.jpg 768w","medium_srcset":"https:\/\/faciapmulher.org.br\/wp-content\/uploads\/2026\/03\/upload_69c53ae9640c3jpg-300x199.jpg 300w, https:\/\/faciapmulher.org.br\/wp-content\/uploads\/2026\/03\/upload_69c53ae9640c3jpg-768x510.jpg 768w, https:\/\/faciapmulher.org.br\/wp-content\/uploads\/2026\/03\/upload_69c53ae9640c3jpg.jpg 1024w","media_details":{"width":1024,"height":680,"sizes":{"medium":{"file":"upload_69c53ae9640c3jpg-300x199.jpg","width":300,"height":199,"mime-type":"image\/jpeg","filesize":17013,"source_url":"https:\/\/faciapmulher.org.br\/wp-content\/uploads\/2026\/03\/upload_69c53ae9640c3jpg-300x199.jpg"},"thumbnail":{"file":"upload_69c53ae9640c3jpg-150x150.jpg","width":150,"height":150,"mime-type":"image\/jpeg","filesize":7784,"source_url":"https:\/\/faciapmulher.org.br\/wp-content\/uploads\/2026\/03\/upload_69c53ae9640c3jpg-150x150.jpg"},"medium_large":{"file":"upload_69c53ae9640c3jpg-768x510.jpg","width":768,"height":510,"mime-type":"image\/jpeg","filesize":73345,"source_url":"https:\/\/faciapmulher.org.br\/wp-content\/uploads\/2026\/03\/upload_69c53ae9640c3jpg-768x510.jpg"}}},"alt_text":"","url":"","target":""}],"video":"","data_de_publicacao":"2022\/04\/19","nucleos":null,"fonte":"Imprensa ACEFB","link_origem":"","abrir_origem":false},"yoast_head":"<!-- This site is optimized with the Yoast SEO plugin v27.4 - https:\/\/yoast.com\/product\/yoast-seo-wordpress\/ -->\n<title>Empres\u00e1rias recebem Mo\u00e7\u00e3o Honrosa promovida pelo N\u00facleo da Mulher Empres\u00e1ria de Beltr\u00e3o - FACIAP Mulher<\/title>\n<meta name=\"robots\" content=\"index, follow, max-snippet:-1, max-image-preview:large, max-video-preview:-1\" \/>\n<link rel=\"canonical\" href=\"https:\/\/faciapmulher.org.br\/?p=147494\" \/>\n<meta property=\"og:locale\" content=\"pt_BR\" \/>\n<meta property=\"og:type\" content=\"article\" \/>\n<meta property=\"og:title\" content=\"Empres\u00e1rias recebem Mo\u00e7\u00e3o Honrosa promovida pelo N\u00facleo da Mulher Empres\u00e1ria de Beltr\u00e3o - FACIAP Mulher\" \/>\n<meta property=\"og:description\" content=\"As tr\u00eas mulheres homenageadas com a \u201cMo\u00e7\u00e3o Honrosa 8 de Mar\u00e7o\u201d nesta quarta-feira, 16 de mar\u00e7o, pelas integrantes do N\u00facleo da Mulher Empres\u00e1ria de Francisco Beltr\u00e3o (NMEFB), vinculado \u00e0 Associa\u00e7\u00e3o Em\" \/>\n<meta property=\"og:url\" content=\"https:\/\/faciapmulher.org.br\/?p=147494\" \/>\n<meta property=\"og:site_name\" content=\"FACIAP Mulher\" \/>\n<meta property=\"article:published_time\" content=\"2022-04-19T00:00:00+00:00\" \/>\n<meta property=\"article:modified_time\" content=\"2026-03-26T13:56:02+00:00\" \/>\n<meta property=\"og:image\" content=\"https:\/\/faciapmulher.org.br\/wp-content\/uploads\/2026\/03\/upload_69c53ac8c8b8fjpg.jpg\" \/>\n\t<meta property=\"og:image:width\" content=\"1024\" \/>\n\t<meta property=\"og:image:height\" content=\"680\" \/>\n\t<meta property=\"og:image:type\" content=\"image\/jpeg\" \/>\n<meta name=\"author\" content=\"Edson Zion\" \/>\n<meta name=\"twitter:card\" content=\"summary_large_image\" \/>\n<meta name=\"twitter:label1\" content=\"Escrito por\" \/>\n\t<meta name=\"twitter:data1\" content=\"Edson Zion\" \/>\n\t<meta name=\"twitter:label2\" content=\"Est. tempo de leitura\" \/>\n\t<meta name=\"twitter:data2\" content=\"10 minutos\" \/>\n<script type=\"application\/ld+json\" class=\"yoast-schema-graph\">{\"@context\":\"https:\\\/\\\/schema.org\",\"@graph\":[{\"@type\":\"Article\",\"@id\":\"https:\\\/\\\/faciapmulher.org.br\\\/?p=147494#article\",\"isPartOf\":{\"@id\":\"https:\\\/\\\/faciapmulher.org.br\\\/?p=147494\"},\"author\":{\"name\":\"Edson Zion\",\"@id\":\"https:\\\/\\\/faciapmulher.org.br\\\/#\\\/schema\\\/person\\\/f7c3d66b1c5982715969efaaabd0c20a\"},\"headline\":\"Empres\u00e1rias recebem Mo\u00e7\u00e3o Honrosa promovida pelo N\u00facleo da Mulher Empres\u00e1ria de Beltr\u00e3o\",\"datePublished\":\"2022-04-19T00:00:00+00:00\",\"dateModified\":\"2026-03-26T13:56:02+00:00\",\"mainEntityOfPage\":{\"@id\":\"https:\\\/\\\/faciapmulher.org.br\\\/?p=147494\"},\"wordCount\":1971,\"commentCount\":0,\"publisher\":{\"@id\":\"https:\\\/\\\/faciapmulher.org.br\\\/#organization\"},\"image\":{\"@id\":\"https:\\\/\\\/faciapmulher.org.br\\\/?p=147494#primaryimage\"},\"thumbnailUrl\":\"https:\\\/\\\/faciapmulher.org.br\\\/wp-content\\\/uploads\\\/2026\\\/03\\\/upload_69c53ac8c8b8fjpg.jpg\",\"articleSection\":[\"Uncategorized\"],\"inLanguage\":\"pt-BR\",\"potentialAction\":[{\"@type\":\"CommentAction\",\"name\":\"Comment\",\"target\":[\"https:\\\/\\\/faciapmulher.org.br\\\/?p=147494#respond\"]}]},{\"@type\":\"WebPage\",\"@id\":\"https:\\\/\\\/faciapmulher.org.br\\\/?p=147494\",\"url\":\"https:\\\/\\\/faciapmulher.org.br\\\/?p=147494\",\"name\":\"Empres\u00e1rias recebem Mo\u00e7\u00e3o Honrosa promovida pelo N\u00facleo da Mulher Empres\u00e1ria de Beltr\u00e3o - FACIAP Mulher\",\"isPartOf\":{\"@id\":\"https:\\\/\\\/faciapmulher.org.br\\\/#website\"},\"primaryImageOfPage\":{\"@id\":\"https:\\\/\\\/faciapmulher.org.br\\\/?p=147494#primaryimage\"},\"image\":{\"@id\":\"https:\\\/\\\/faciapmulher.org.br\\\/?p=147494#primaryimage\"},\"thumbnailUrl\":\"https:\\\/\\\/faciapmulher.org.br\\\/wp-content\\\/uploads\\\/2026\\\/03\\\/upload_69c53ac8c8b8fjpg.jpg\",\"datePublished\":\"2022-04-19T00:00:00+00:00\",\"dateModified\":\"2026-03-26T13:56:02+00:00\",\"breadcrumb\":{\"@id\":\"https:\\\/\\\/faciapmulher.org.br\\\/?p=147494#breadcrumb\"},\"inLanguage\":\"pt-BR\",\"potentialAction\":[{\"@type\":\"ReadAction\",\"target\":[\"https:\\\/\\\/faciapmulher.org.br\\\/?p=147494\"]}]},{\"@type\":\"ImageObject\",\"inLanguage\":\"pt-BR\",\"@id\":\"https:\\\/\\\/faciapmulher.org.br\\\/?p=147494#primaryimage\",\"url\":\"https:\\\/\\\/faciapmulher.org.br\\\/wp-content\\\/uploads\\\/2026\\\/03\\\/upload_69c53ac8c8b8fjpg.jpg\",\"contentUrl\":\"https:\\\/\\\/faciapmulher.org.br\\\/wp-content\\\/uploads\\\/2026\\\/03\\\/upload_69c53ac8c8b8fjpg.jpg\",\"width\":1024,\"height\":680},{\"@type\":\"BreadcrumbList\",\"@id\":\"https:\\\/\\\/faciapmulher.org.br\\\/?p=147494#breadcrumb\",\"itemListElement\":[{\"@type\":\"ListItem\",\"position\":1,\"name\":\"In\u00edcio\",\"item\":\"https:\\\/\\\/faciapmulher.org.br\\\/\"},{\"@type\":\"ListItem\",\"position\":2,\"name\":\"Empres\u00e1rias recebem Mo\u00e7\u00e3o Honrosa promovida pelo N\u00facleo da Mulher Empres\u00e1ria de Beltr\u00e3o\"}]},{\"@type\":\"WebSite\",\"@id\":\"https:\\\/\\\/faciapmulher.org.br\\\/#website\",\"url\":\"https:\\\/\\\/faciapmulher.org.br\\\/\",\"name\":\"FACIAP Mulher\",\"description\":\"\",\"publisher\":{\"@id\":\"https:\\\/\\\/faciapmulher.org.br\\\/#organization\"},\"potentialAction\":[{\"@type\":\"SearchAction\",\"target\":{\"@type\":\"EntryPoint\",\"urlTemplate\":\"https:\\\/\\\/faciapmulher.org.br\\\/?s={search_term_string}\"},\"query-input\":{\"@type\":\"PropertyValueSpecification\",\"valueRequired\":true,\"valueName\":\"search_term_string\"}}],\"inLanguage\":\"pt-BR\"},{\"@type\":\"Organization\",\"@id\":\"https:\\\/\\\/faciapmulher.org.br\\\/#organization\",\"name\":\"FACIAP Mulher\",\"url\":\"https:\\\/\\\/faciapmulher.org.br\\\/\",\"logo\":{\"@type\":\"ImageObject\",\"inLanguage\":\"pt-BR\",\"@id\":\"https:\\\/\\\/faciapmulher.org.br\\\/#\\\/schema\\\/logo\\\/image\\\/\",\"url\":\"https:\\\/\\\/faciapmulher.org.br\\\/wp-content\\\/uploads\\\/2024\\\/07\\\/caciopar_logo.jpg\",\"contentUrl\":\"https:\\\/\\\/faciapmulher.org.br\\\/wp-content\\\/uploads\\\/2024\\\/07\\\/caciopar_logo.jpg\",\"width\":1024,\"height\":236,\"caption\":\"FACIAP Mulher\"},\"image\":{\"@id\":\"https:\\\/\\\/faciapmulher.org.br\\\/#\\\/schema\\\/logo\\\/image\\\/\"}},{\"@type\":\"Person\",\"@id\":\"https:\\\/\\\/faciapmulher.org.br\\\/#\\\/schema\\\/person\\\/f7c3d66b1c5982715969efaaabd0c20a\",\"name\":\"Edson Zion\",\"image\":{\"@type\":\"ImageObject\",\"inLanguage\":\"pt-BR\",\"@id\":\"https:\\\/\\\/secure.gravatar.com\\\/avatar\\\/6a441ae7e9f2983d9532cf9879abc79f99460f3452ce1a11d1e2478e9b65a6f7?s=96&d=mm&r=g\",\"url\":\"https:\\\/\\\/secure.gravatar.com\\\/avatar\\\/6a441ae7e9f2983d9532cf9879abc79f99460f3452ce1a11d1e2478e9b65a6f7?s=96&d=mm&r=g\",\"contentUrl\":\"https:\\\/\\\/secure.gravatar.com\\\/avatar\\\/6a441ae7e9f2983d9532cf9879abc79f99460f3452ce1a11d1e2478e9b65a6f7?s=96&d=mm&r=g\",\"caption\":\"Edson Zion\"},\"url\":\"https:\\\/\\\/faciapmulher.org.br\\\/?author=13\"}]}<\/script>\n<!-- \/ Yoast SEO plugin. -->","yoast_head_json":{"title":"Empres\u00e1rias recebem Mo\u00e7\u00e3o Honrosa promovida pelo N\u00facleo da Mulher Empres\u00e1ria de Beltr\u00e3o - FACIAP Mulher","robots":{"index":"index","follow":"follow","max-snippet":"max-snippet:-1","max-image-preview":"max-image-preview:large","max-video-preview":"max-video-preview:-1"},"canonical":"https:\/\/faciapmulher.org.br\/?p=147494","og_locale":"pt_BR","og_type":"article","og_title":"Empres\u00e1rias recebem Mo\u00e7\u00e3o Honrosa promovida pelo N\u00facleo da Mulher Empres\u00e1ria de Beltr\u00e3o - FACIAP Mulher","og_description":"As tr\u00eas mulheres homenageadas com a \u201cMo\u00e7\u00e3o Honrosa 8 de Mar\u00e7o\u201d nesta quarta-feira, 16 de mar\u00e7o, pelas integrantes do N\u00facleo da Mulher Empres\u00e1ria de Francisco Beltr\u00e3o (NMEFB), vinculado \u00e0 Associa\u00e7\u00e3o Em","og_url":"https:\/\/faciapmulher.org.br\/?p=147494","og_site_name":"FACIAP Mulher","article_published_time":"2022-04-19T00:00:00+00:00","article_modified_time":"2026-03-26T13:56:02+00:00","og_image":[{"width":1024,"height":680,"url":"https:\/\/faciapmulher.org.br\/wp-content\/uploads\/2026\/03\/upload_69c53ac8c8b8fjpg.jpg","type":"image\/jpeg"}],"author":"Edson Zion","twitter_card":"summary_large_image","twitter_misc":{"Escrito por":"Edson Zion","Est. tempo de leitura":"10 minutos"},"schema":{"@context":"https:\/\/schema.org","@graph":[{"@type":"Article","@id":"https:\/\/faciapmulher.org.br\/?p=147494#article","isPartOf":{"@id":"https:\/\/faciapmulher.org.br\/?p=147494"},"author":{"name":"Edson Zion","@id":"https:\/\/faciapmulher.org.br\/#\/schema\/person\/f7c3d66b1c5982715969efaaabd0c20a"},"headline":"Empres\u00e1rias recebem Mo\u00e7\u00e3o Honrosa promovida pelo N\u00facleo da Mulher Empres\u00e1ria de Beltr\u00e3o","datePublished":"2022-04-19T00:00:00+00:00","dateModified":"2026-03-26T13:56:02+00:00","mainEntityOfPage":{"@id":"https:\/\/faciapmulher.org.br\/?p=147494"},"wordCount":1971,"commentCount":0,"publisher":{"@id":"https:\/\/faciapmulher.org.br\/#organization"},"image":{"@id":"https:\/\/faciapmulher.org.br\/?p=147494#primaryimage"},"thumbnailUrl":"https:\/\/faciapmulher.org.br\/wp-content\/uploads\/2026\/03\/upload_69c53ac8c8b8fjpg.jpg","articleSection":["Uncategorized"],"inLanguage":"pt-BR","potentialAction":[{"@type":"CommentAction","name":"Comment","target":["https:\/\/faciapmulher.org.br\/?p=147494#respond"]}]},{"@type":"WebPage","@id":"https:\/\/faciapmulher.org.br\/?p=147494","url":"https:\/\/faciapmulher.org.br\/?p=147494","name":"Empres\u00e1rias recebem Mo\u00e7\u00e3o Honrosa promovida pelo N\u00facleo da Mulher Empres\u00e1ria de Beltr\u00e3o - FACIAP Mulher","isPartOf":{"@id":"https:\/\/faciapmulher.org.br\/#website"},"primaryImageOfPage":{"@id":"https:\/\/faciapmulher.org.br\/?p=147494#primaryimage"},"image":{"@id":"https:\/\/faciapmulher.org.br\/?p=147494#primaryimage"},"thumbnailUrl":"https:\/\/faciapmulher.org.br\/wp-content\/uploads\/2026\/03\/upload_69c53ac8c8b8fjpg.jpg","datePublished":"2022-04-19T00:00:00+00:00","dateModified":"2026-03-26T13:56:02+00:00","breadcrumb":{"@id":"https:\/\/faciapmulher.org.br\/?p=147494#breadcrumb"},"inLanguage":"pt-BR","potentialAction":[{"@type":"ReadAction","target":["https:\/\/faciapmulher.org.br\/?p=147494"]}]},{"@type":"ImageObject","inLanguage":"pt-BR","@id":"https:\/\/faciapmulher.org.br\/?p=147494#primaryimage","url":"https:\/\/faciapmulher.org.br\/wp-content\/uploads\/2026\/03\/upload_69c53ac8c8b8fjpg.jpg","contentUrl":"https:\/\/faciapmulher.org.br\/wp-content\/uploads\/2026\/03\/upload_69c53ac8c8b8fjpg.jpg","width":1024,"height":680},{"@type":"BreadcrumbList","@id":"https:\/\/faciapmulher.org.br\/?p=147494#breadcrumb","itemListElement":[{"@type":"ListItem","position":1,"name":"In\u00edcio","item":"https:\/\/faciapmulher.org.br\/"},{"@type":"ListItem","position":2,"name":"Empres\u00e1rias recebem Mo\u00e7\u00e3o Honrosa promovida pelo N\u00facleo da Mulher Empres\u00e1ria de Beltr\u00e3o"}]},{"@type":"WebSite","@id":"https:\/\/faciapmulher.org.br\/#website","url":"https:\/\/faciapmulher.org.br\/","name":"FACIAP Mulher","description":"","publisher":{"@id":"https:\/\/faciapmulher.org.br\/#organization"},"potentialAction":[{"@type":"SearchAction","target":{"@type":"EntryPoint","urlTemplate":"https:\/\/faciapmulher.org.br\/?s={search_term_string}"},"query-input":{"@type":"PropertyValueSpecification","valueRequired":true,"valueName":"search_term_string"}}],"inLanguage":"pt-BR"},{"@type":"Organization","@id":"https:\/\/faciapmulher.org.br\/#organization","name":"FACIAP Mulher","url":"https:\/\/faciapmulher.org.br\/","logo":{"@type":"ImageObject","inLanguage":"pt-BR","@id":"https:\/\/faciapmulher.org.br\/#\/schema\/logo\/image\/","url":"https:\/\/faciapmulher.org.br\/wp-content\/uploads\/2024\/07\/caciopar_logo.jpg","contentUrl":"https:\/\/faciapmulher.org.br\/wp-content\/uploads\/2024\/07\/caciopar_logo.jpg","width":1024,"height":236,"caption":"FACIAP Mulher"},"image":{"@id":"https:\/\/faciapmulher.org.br\/#\/schema\/logo\/image\/"}},{"@type":"Person","@id":"https:\/\/faciapmulher.org.br\/#\/schema\/person\/f7c3d66b1c5982715969efaaabd0c20a","name":"Edson Zion","image":{"@type":"ImageObject","inLanguage":"pt-BR","@id":"https:\/\/secure.gravatar.com\/avatar\/6a441ae7e9f2983d9532cf9879abc79f99460f3452ce1a11d1e2478e9b65a6f7?s=96&d=mm&r=g","url":"https:\/\/secure.gravatar.com\/avatar\/6a441ae7e9f2983d9532cf9879abc79f99460f3452ce1a11d1e2478e9b65a6f7?s=96&d=mm&r=g","contentUrl":"https:\/\/secure.gravatar.com\/avatar\/6a441ae7e9f2983d9532cf9879abc79f99460f3452ce1a11d1e2478e9b65a6f7?s=96&d=mm&r=g","caption":"Edson Zion"},"url":"https:\/\/faciapmulher.org.br\/?author=13"}]}},"_links":{"self":[{"href":"https:\/\/faciapmulher.org.br\/index.php?rest_route=\/wp\/v2\/posts\/147494","targetHints":{"allow":["GET"]}}],"collection":[{"href":"https:\/\/faciapmulher.org.br\/index.php?rest_route=\/wp\/v2\/posts"}],"about":[{"href":"https:\/\/faciapmulher.org.br\/index.php?rest_route=\/wp\/v2\/types\/post"}],"author":[{"embeddable":true,"href":"https:\/\/faciapmulher.org.br\/index.php?rest_route=\/wp\/v2\/users\/13"}],"replies":[{"embeddable":true,"href":"https:\/\/faciapmulher.org.br\/index.php?rest_route=%2Fwp%2Fv2%2Fcomments&post=147494"}],"version-history":[{"count":1,"href":"https:\/\/faciapmulher.org.br\/index.php?rest_route=\/wp\/v2\/posts\/147494\/revisions"}],"predecessor-version":[{"id":147496,"href":"https:\/\/faciapmulher.org.br\/index.php?rest_route=\/wp\/v2\/posts\/147494\/revisions\/147496"}],"wp:featuredmedia":[{"embeddable":true,"href":"https:\/\/faciapmulher.org.br\/index.php?rest_route=\/wp\/v2\/media\/147495"}],"wp:attachment":[{"href":"https:\/\/faciapmulher.org.br\/index.php?rest_route=%2Fwp%2Fv2%2Fmedia&parent=147494"}],"wp:term":[{"taxonomy":"category","embeddable":true,"href":"https:\/\/faciapmulher.org.br\/index.php?rest_route=%2Fwp%2Fv2%2Fcategories&post=147494"},{"taxonomy":"post_tag","embeddable":true,"href":"https:\/\/faciapmulher.org.br\/index.php?rest_route=%2Fwp%2Fv2%2Ftags&post=147494"},{"taxonomy":"categorias-noticias","embeddable":true,"href":"https:\/\/faciapmulher.org.br\/index.php?rest_route=%2Fwp%2Fv2%2Fcategorias-noticias&post=147494"},{"taxonomy":"noticia-do-sistema","embeddable":true,"href":"https:\/\/faciapmulher.org.br\/index.php?rest_route=%2Fwp%2Fv2%2Fnoticia-do-sistema&post=147494"}],"curies":[{"name":"wp","href":"https:\/\/api.w.org\/{rel}","templated":true}]}}