{"id":147507,"date":"2022-03-08T00:00:00","date_gmt":"2022-03-08T00:00:00","guid":{"rendered":"https:\/\/faciapmulher.org.br\/?p=147507"},"modified":"2026-03-26T13:56:13","modified_gmt":"2026-03-26T13:56:13","slug":"nucleo-da-mulher-promove-palestra-no-mes-das-mulheres","status":"publish","type":"post","link":"https:\/\/faciapmulher.org.br\/?p=147507","title":{"rendered":"N\u00facleo da Mulher promove palestra no m\u00eas das mulheres"},"content":{"rendered":"<p>No dia 8 de mar&ccedil;o &eacute; comemorado o Dia Internacional da Mulher, data comemorativa oficializada pela Organiza&ccedil;&atilde;o das Na&ccedil;&otilde;es Unidas na d&eacute;cada de 1970. Apesar de apenas um dia simbolizar a luta das mulheres em busca das condi&ccedil;&otilde;es equiparadas &agrave;s dos homens, o m&ecirc;s inteiro &eacute; dedicado para elas.<\/p>\n<p>&nbsp;<\/p>\n<p>Pensando nisto, o&nbsp;<strong>N&uacute;cleo Multissetorial da Mulher Empres&aacute;ria<\/strong>&nbsp;da ACIG promover&aacute; a palestra Mulher Sempre Mais, com a palestrante e coach motivacional, Caren Kelli, no dia 18 de mar&ccedil;o, &agrave;s 18h30, no audit&oacute;rio da OAB Guarapuava.<\/p>\n<p>&nbsp;<\/p>\n<p>O evento conta com patroc&iacute;nio da Daniela Barbieri Smart Aesthetic, Dra. Maria Elize Cirurgia Pl&aacute;stica, SWS Viagens e Cresol Cooperativa de Cr&eacute;dito,<\/p>\n","protected":false},"excerpt":{"rendered":"<p>Encontro quer despertar a melhor vers\u00e3o de cada participante<\/p>\n","protected":false},"author":13,"featured_media":147508,"comment_status":"open","ping_status":"closed","sticky":false,"template":"","format":"standard","meta":{"_acf_changed":false,"_joinchat":[],"footnotes":""},"categories":[1],"tags":[],"categorias-noticias":[149],"noticia-do-sistema":[],"class_list":["post-147507","post","type-post","status-publish","format-standard","has-post-thumbnail","hentry","category-uncategorized","categorias-noticias-institucional"],"acf":{"galeria_noticia":[{"id":147508,"title":"upload_69c53af6b46c5jpg","caption":"","full_image_url":"https:\/\/faciapmulher.org.br\/wp-content\/uploads\/2026\/03\/upload_69c53af6b46c5jpg.jpg","thumbnail_image_url":"https:\/\/faciapmulher.org.br\/wp-content\/uploads\/2026\/03\/upload_69c53af6b46c5jpg-150x150.jpg","large_srcset":"https:\/\/faciapmulher.org.br\/wp-content\/uploads\/2026\/03\/upload_69c53af6b46c5jpg.jpg 1024w, https:\/\/faciapmulher.org.br\/wp-content\/uploads\/2026\/03\/upload_69c53af6b46c5jpg-300x212.jpg 300w, https:\/\/faciapmulher.org.br\/wp-content\/uploads\/2026\/03\/upload_69c53af6b46c5jpg-768x542.jpg 768w","medium_srcset":"https:\/\/faciapmulher.org.br\/wp-content\/uploads\/2026\/03\/upload_69c53af6b46c5jpg-300x212.jpg 300w, https:\/\/faciapmulher.org.br\/wp-content\/uploads\/2026\/03\/upload_69c53af6b46c5jpg-768x542.jpg 768w, https:\/\/faciapmulher.org.br\/wp-content\/uploads\/2026\/03\/upload_69c53af6b46c5jpg.jpg 1024w","media_details":{"width":1024,"height":722,"sizes":{"medium":{"file":"upload_69c53af6b46c5jpg-300x212.jpg","width":300,"height":212,"mime-type":"image\/jpeg","filesize":15125,"source_url":"https:\/\/faciapmulher.org.br\/wp-content\/uploads\/2026\/03\/upload_69c53af6b46c5jpg-300x212.jpg"},"thumbnail":{"file":"upload_69c53af6b46c5jpg-150x150.jpg","width":150,"height":150,"mime-type":"image\/jpeg","filesize":7013,"source_url":"https:\/\/faciapmulher.org.br\/wp-content\/uploads\/2026\/03\/upload_69c53af6b46c5jpg-150x150.jpg"},"medium_large":{"file":"upload_69c53af6b46c5jpg-768x542.jpg","width":768,"height":542,"mime-type":"image\/jpeg","filesize":57992,"source_url":"https:\/\/faciapmulher.org.br\/wp-content\/uploads\/2026\/03\/upload_69c53af6b46c5jpg-768x542.jpg"}}},"alt_text":"","url":"","target":""}],"video":"","data_de_publicacao":"2022\/03\/08","nucleos":null,"fonte":"ACIG","link_origem":"","abrir_origem":false},"yoast_head":"<!-- This site is optimized with the Yoast SEO plugin v27.4 - https:\/\/yoast.com\/product\/yoast-seo-wordpress\/ -->\n<title>N\u00facleo da Mulher promove palestra no m\u00eas das mulheres - FACIAP Mulher<\/title>\n<meta name=\"robots\" content=\"index, follow, max-snippet:-1, max-image-preview:large, max-video-preview:-1\" \/>\n<link rel=\"canonical\" href=\"https:\/\/faciapmulher.org.br\/?p=147507\" \/>\n<meta property=\"og:locale\" content=\"pt_BR\" \/>\n<meta property=\"og:type\" content=\"article\" \/>\n<meta property=\"og:title\" content=\"N\u00facleo da Mulher promove palestra no m\u00eas das mulheres - FACIAP Mulher\" \/>\n<meta property=\"og:description\" content=\"Encontro quer despertar a melhor vers\u00e3o de cada participante\" \/>\n<meta property=\"og:url\" content=\"https:\/\/faciapmulher.org.br\/?p=147507\" \/>\n<meta property=\"og:site_name\" content=\"FACIAP Mulher\" \/>\n<meta property=\"article:published_time\" content=\"2022-03-08T00:00:00+00:00\" \/>\n<meta property=\"article:modified_time\" content=\"2026-03-26T13:56:13+00:00\" \/>\n<meta property=\"og:image\" content=\"https:\/\/faciapmulher.org.br\/wp-content\/uploads\/2026\/03\/upload_69c53af6b46c5jpg.jpg\" \/>\n\t<meta property=\"og:image:width\" content=\"1024\" \/>\n\t<meta property=\"og:image:height\" content=\"722\" \/>\n\t<meta property=\"og:image:type\" content=\"image\/jpeg\" \/>\n<meta name=\"author\" content=\"Edson Zion\" \/>\n<meta name=\"twitter:card\" content=\"summary_large_image\" \/>\n<meta name=\"twitter:label1\" content=\"Escrito por\" \/>\n\t<meta name=\"twitter:data1\" content=\"Edson Zion\" \/>\n\t<meta name=\"twitter:label2\" content=\"Est. tempo de leitura\" \/>\n\t<meta name=\"twitter:data2\" content=\"1 minuto\" \/>\n<script type=\"application\/ld+json\" class=\"yoast-schema-graph\">{\"@context\":\"https:\\\/\\\/schema.org\",\"@graph\":[{\"@type\":\"Article\",\"@id\":\"https:\\\/\\\/faciapmulher.org.br\\\/?p=147507#article\",\"isPartOf\":{\"@id\":\"https:\\\/\\\/faciapmulher.org.br\\\/?p=147507\"},\"author\":{\"name\":\"Edson Zion\",\"@id\":\"https:\\\/\\\/faciapmulher.org.br\\\/#\\\/schema\\\/person\\\/f7c3d66b1c5982715969efaaabd0c20a\"},\"headline\":\"N\u00facleo da Mulher promove palestra no m\u00eas das mulheres\",\"datePublished\":\"2022-03-08T00:00:00+00:00\",\"dateModified\":\"2026-03-26T13:56:13+00:00\",\"mainEntityOfPage\":{\"@id\":\"https:\\\/\\\/faciapmulher.org.br\\\/?p=147507\"},\"wordCount\":151,\"commentCount\":0,\"publisher\":{\"@id\":\"https:\\\/\\\/faciapmulher.org.br\\\/#organization\"},\"image\":{\"@id\":\"https:\\\/\\\/faciapmulher.org.br\\\/?p=147507#primaryimage\"},\"thumbnailUrl\":\"https:\\\/\\\/faciapmulher.org.br\\\/wp-content\\\/uploads\\\/2026\\\/03\\\/upload_69c53af6b46c5jpg.jpg\",\"articleSection\":[\"Uncategorized\"],\"inLanguage\":\"pt-BR\",\"potentialAction\":[{\"@type\":\"CommentAction\",\"name\":\"Comment\",\"target\":[\"https:\\\/\\\/faciapmulher.org.br\\\/?p=147507#respond\"]}]},{\"@type\":\"WebPage\",\"@id\":\"https:\\\/\\\/faciapmulher.org.br\\\/?p=147507\",\"url\":\"https:\\\/\\\/faciapmulher.org.br\\\/?p=147507\",\"name\":\"N\u00facleo da Mulher promove palestra no m\u00eas das mulheres - FACIAP Mulher\",\"isPartOf\":{\"@id\":\"https:\\\/\\\/faciapmulher.org.br\\\/#website\"},\"primaryImageOfPage\":{\"@id\":\"https:\\\/\\\/faciapmulher.org.br\\\/?p=147507#primaryimage\"},\"image\":{\"@id\":\"https:\\\/\\\/faciapmulher.org.br\\\/?p=147507#primaryimage\"},\"thumbnailUrl\":\"https:\\\/\\\/faciapmulher.org.br\\\/wp-content\\\/uploads\\\/2026\\\/03\\\/upload_69c53af6b46c5jpg.jpg\",\"datePublished\":\"2022-03-08T00:00:00+00:00\",\"dateModified\":\"2026-03-26T13:56:13+00:00\",\"breadcrumb\":{\"@id\":\"https:\\\/\\\/faciapmulher.org.br\\\/?p=147507#breadcrumb\"},\"inLanguage\":\"pt-BR\",\"potentialAction\":[{\"@type\":\"ReadAction\",\"target\":[\"https:\\\/\\\/faciapmulher.org.br\\\/?p=147507\"]}]},{\"@type\":\"ImageObject\",\"inLanguage\":\"pt-BR\",\"@id\":\"https:\\\/\\\/faciapmulher.org.br\\\/?p=147507#primaryimage\",\"url\":\"https:\\\/\\\/faciapmulher.org.br\\\/wp-content\\\/uploads\\\/2026\\\/03\\\/upload_69c53af6b46c5jpg.jpg\",\"contentUrl\":\"https:\\\/\\\/faciapmulher.org.br\\\/wp-content\\\/uploads\\\/2026\\\/03\\\/upload_69c53af6b46c5jpg.jpg\",\"width\":1024,\"height\":722},{\"@type\":\"BreadcrumbList\",\"@id\":\"https:\\\/\\\/faciapmulher.org.br\\\/?p=147507#breadcrumb\",\"itemListElement\":[{\"@type\":\"ListItem\",\"position\":1,\"name\":\"In\u00edcio\",\"item\":\"https:\\\/\\\/faciapmulher.org.br\\\/\"},{\"@type\":\"ListItem\",\"position\":2,\"name\":\"N\u00facleo da Mulher promove palestra no m\u00eas das mulheres\"}]},{\"@type\":\"WebSite\",\"@id\":\"https:\\\/\\\/faciapmulher.org.br\\\/#website\",\"url\":\"https:\\\/\\\/faciapmulher.org.br\\\/\",\"name\":\"FACIAP Mulher\",\"description\":\"\",\"publisher\":{\"@id\":\"https:\\\/\\\/faciapmulher.org.br\\\/#organization\"},\"potentialAction\":[{\"@type\":\"SearchAction\",\"target\":{\"@type\":\"EntryPoint\",\"urlTemplate\":\"https:\\\/\\\/faciapmulher.org.br\\\/?s={search_term_string}\"},\"query-input\":{\"@type\":\"PropertyValueSpecification\",\"valueRequired\":true,\"valueName\":\"search_term_string\"}}],\"inLanguage\":\"pt-BR\"},{\"@type\":\"Organization\",\"@id\":\"https:\\\/\\\/faciapmulher.org.br\\\/#organization\",\"name\":\"FACIAP Mulher\",\"url\":\"https:\\\/\\\/faciapmulher.org.br\\\/\",\"logo\":{\"@type\":\"ImageObject\",\"inLanguage\":\"pt-BR\",\"@id\":\"https:\\\/\\\/faciapmulher.org.br\\\/#\\\/schema\\\/logo\\\/image\\\/\",\"url\":\"https:\\\/\\\/faciapmulher.org.br\\\/wp-content\\\/uploads\\\/2024\\\/07\\\/caciopar_logo.jpg\",\"contentUrl\":\"https:\\\/\\\/faciapmulher.org.br\\\/wp-content\\\/uploads\\\/2024\\\/07\\\/caciopar_logo.jpg\",\"width\":1024,\"height\":236,\"caption\":\"FACIAP Mulher\"},\"image\":{\"@id\":\"https:\\\/\\\/faciapmulher.org.br\\\/#\\\/schema\\\/logo\\\/image\\\/\"}},{\"@type\":\"Person\",\"@id\":\"https:\\\/\\\/faciapmulher.org.br\\\/#\\\/schema\\\/person\\\/f7c3d66b1c5982715969efaaabd0c20a\",\"name\":\"Edson Zion\",\"image\":{\"@type\":\"ImageObject\",\"inLanguage\":\"pt-BR\",\"@id\":\"https:\\\/\\\/secure.gravatar.com\\\/avatar\\\/6a441ae7e9f2983d9532cf9879abc79f99460f3452ce1a11d1e2478e9b65a6f7?s=96&d=mm&r=g\",\"url\":\"https:\\\/\\\/secure.gravatar.com\\\/avatar\\\/6a441ae7e9f2983d9532cf9879abc79f99460f3452ce1a11d1e2478e9b65a6f7?s=96&d=mm&r=g\",\"contentUrl\":\"https:\\\/\\\/secure.gravatar.com\\\/avatar\\\/6a441ae7e9f2983d9532cf9879abc79f99460f3452ce1a11d1e2478e9b65a6f7?s=96&d=mm&r=g\",\"caption\":\"Edson Zion\"},\"url\":\"https:\\\/\\\/faciapmulher.org.br\\\/?author=13\"}]}<\/script>\n<!-- \/ Yoast SEO plugin. -->","yoast_head_json":{"title":"N\u00facleo da Mulher promove palestra no m\u00eas das mulheres - FACIAP Mulher","robots":{"index":"index","follow":"follow","max-snippet":"max-snippet:-1","max-image-preview":"max-image-preview:large","max-video-preview":"max-video-preview:-1"},"canonical":"https:\/\/faciapmulher.org.br\/?p=147507","og_locale":"pt_BR","og_type":"article","og_title":"N\u00facleo da Mulher promove palestra no m\u00eas das mulheres - FACIAP Mulher","og_description":"Encontro quer despertar a melhor vers\u00e3o de cada participante","og_url":"https:\/\/faciapmulher.org.br\/?p=147507","og_site_name":"FACIAP Mulher","article_published_time":"2022-03-08T00:00:00+00:00","article_modified_time":"2026-03-26T13:56:13+00:00","og_image":[{"width":1024,"height":722,"url":"https:\/\/faciapmulher.org.br\/wp-content\/uploads\/2026\/03\/upload_69c53af6b46c5jpg.jpg","type":"image\/jpeg"}],"author":"Edson Zion","twitter_card":"summary_large_image","twitter_misc":{"Escrito por":"Edson Zion","Est. tempo de leitura":"1 minuto"},"schema":{"@context":"https:\/\/schema.org","@graph":[{"@type":"Article","@id":"https:\/\/faciapmulher.org.br\/?p=147507#article","isPartOf":{"@id":"https:\/\/faciapmulher.org.br\/?p=147507"},"author":{"name":"Edson Zion","@id":"https:\/\/faciapmulher.org.br\/#\/schema\/person\/f7c3d66b1c5982715969efaaabd0c20a"},"headline":"N\u00facleo da Mulher promove palestra no m\u00eas das mulheres","datePublished":"2022-03-08T00:00:00+00:00","dateModified":"2026-03-26T13:56:13+00:00","mainEntityOfPage":{"@id":"https:\/\/faciapmulher.org.br\/?p=147507"},"wordCount":151,"commentCount":0,"publisher":{"@id":"https:\/\/faciapmulher.org.br\/#organization"},"image":{"@id":"https:\/\/faciapmulher.org.br\/?p=147507#primaryimage"},"thumbnailUrl":"https:\/\/faciapmulher.org.br\/wp-content\/uploads\/2026\/03\/upload_69c53af6b46c5jpg.jpg","articleSection":["Uncategorized"],"inLanguage":"pt-BR","potentialAction":[{"@type":"CommentAction","name":"Comment","target":["https:\/\/faciapmulher.org.br\/?p=147507#respond"]}]},{"@type":"WebPage","@id":"https:\/\/faciapmulher.org.br\/?p=147507","url":"https:\/\/faciapmulher.org.br\/?p=147507","name":"N\u00facleo da Mulher promove palestra no m\u00eas das mulheres - FACIAP Mulher","isPartOf":{"@id":"https:\/\/faciapmulher.org.br\/#website"},"primaryImageOfPage":{"@id":"https:\/\/faciapmulher.org.br\/?p=147507#primaryimage"},"image":{"@id":"https:\/\/faciapmulher.org.br\/?p=147507#primaryimage"},"thumbnailUrl":"https:\/\/faciapmulher.org.br\/wp-content\/uploads\/2026\/03\/upload_69c53af6b46c5jpg.jpg","datePublished":"2022-03-08T00:00:00+00:00","dateModified":"2026-03-26T13:56:13+00:00","breadcrumb":{"@id":"https:\/\/faciapmulher.org.br\/?p=147507#breadcrumb"},"inLanguage":"pt-BR","potentialAction":[{"@type":"ReadAction","target":["https:\/\/faciapmulher.org.br\/?p=147507"]}]},{"@type":"ImageObject","inLanguage":"pt-BR","@id":"https:\/\/faciapmulher.org.br\/?p=147507#primaryimage","url":"https:\/\/faciapmulher.org.br\/wp-content\/uploads\/2026\/03\/upload_69c53af6b46c5jpg.jpg","contentUrl":"https:\/\/faciapmulher.org.br\/wp-content\/uploads\/2026\/03\/upload_69c53af6b46c5jpg.jpg","width":1024,"height":722},{"@type":"BreadcrumbList","@id":"https:\/\/faciapmulher.org.br\/?p=147507#breadcrumb","itemListElement":[{"@type":"ListItem","position":1,"name":"In\u00edcio","item":"https:\/\/faciapmulher.org.br\/"},{"@type":"ListItem","position":2,"name":"N\u00facleo da Mulher promove palestra no m\u00eas das mulheres"}]},{"@type":"WebSite","@id":"https:\/\/faciapmulher.org.br\/#website","url":"https:\/\/faciapmulher.org.br\/","name":"FACIAP Mulher","description":"","publisher":{"@id":"https:\/\/faciapmulher.org.br\/#organization"},"potentialAction":[{"@type":"SearchAction","target":{"@type":"EntryPoint","urlTemplate":"https:\/\/faciapmulher.org.br\/?s={search_term_string}"},"query-input":{"@type":"PropertyValueSpecification","valueRequired":true,"valueName":"search_term_string"}}],"inLanguage":"pt-BR"},{"@type":"Organization","@id":"https:\/\/faciapmulher.org.br\/#organization","name":"FACIAP Mulher","url":"https:\/\/faciapmulher.org.br\/","logo":{"@type":"ImageObject","inLanguage":"pt-BR","@id":"https:\/\/faciapmulher.org.br\/#\/schema\/logo\/image\/","url":"https:\/\/faciapmulher.org.br\/wp-content\/uploads\/2024\/07\/caciopar_logo.jpg","contentUrl":"https:\/\/faciapmulher.org.br\/wp-content\/uploads\/2024\/07\/caciopar_logo.jpg","width":1024,"height":236,"caption":"FACIAP Mulher"},"image":{"@id":"https:\/\/faciapmulher.org.br\/#\/schema\/logo\/image\/"}},{"@type":"Person","@id":"https:\/\/faciapmulher.org.br\/#\/schema\/person\/f7c3d66b1c5982715969efaaabd0c20a","name":"Edson Zion","image":{"@type":"ImageObject","inLanguage":"pt-BR","@id":"https:\/\/secure.gravatar.com\/avatar\/6a441ae7e9f2983d9532cf9879abc79f99460f3452ce1a11d1e2478e9b65a6f7?s=96&d=mm&r=g","url":"https:\/\/secure.gravatar.com\/avatar\/6a441ae7e9f2983d9532cf9879abc79f99460f3452ce1a11d1e2478e9b65a6f7?s=96&d=mm&r=g","contentUrl":"https:\/\/secure.gravatar.com\/avatar\/6a441ae7e9f2983d9532cf9879abc79f99460f3452ce1a11d1e2478e9b65a6f7?s=96&d=mm&r=g","caption":"Edson Zion"},"url":"https:\/\/faciapmulher.org.br\/?author=13"}]}},"_links":{"self":[{"href":"https:\/\/faciapmulher.org.br\/index.php?rest_route=\/wp\/v2\/posts\/147507","targetHints":{"allow":["GET"]}}],"collection":[{"href":"https:\/\/faciapmulher.org.br\/index.php?rest_route=\/wp\/v2\/posts"}],"about":[{"href":"https:\/\/faciapmulher.org.br\/index.php?rest_route=\/wp\/v2\/types\/post"}],"author":[{"embeddable":true,"href":"https:\/\/faciapmulher.org.br\/index.php?rest_route=\/wp\/v2\/users\/13"}],"replies":[{"embeddable":true,"href":"https:\/\/faciapmulher.org.br\/index.php?rest_route=%2Fwp%2Fv2%2Fcomments&post=147507"}],"version-history":[{"count":1,"href":"https:\/\/faciapmulher.org.br\/index.php?rest_route=\/wp\/v2\/posts\/147507\/revisions"}],"predecessor-version":[{"id":147509,"href":"https:\/\/faciapmulher.org.br\/index.php?rest_route=\/wp\/v2\/posts\/147507\/revisions\/147509"}],"wp:featuredmedia":[{"embeddable":true,"href":"https:\/\/faciapmulher.org.br\/index.php?rest_route=\/wp\/v2\/media\/147508"}],"wp:attachment":[{"href":"https:\/\/faciapmulher.org.br\/index.php?rest_route=%2Fwp%2Fv2%2Fmedia&parent=147507"}],"wp:term":[{"taxonomy":"category","embeddable":true,"href":"https:\/\/faciapmulher.org.br\/index.php?rest_route=%2Fwp%2Fv2%2Fcategories&post=147507"},{"taxonomy":"post_tag","embeddable":true,"href":"https:\/\/faciapmulher.org.br\/index.php?rest_route=%2Fwp%2Fv2%2Ftags&post=147507"},{"taxonomy":"categorias-noticias","embeddable":true,"href":"https:\/\/faciapmulher.org.br\/index.php?rest_route=%2Fwp%2Fv2%2Fcategorias-noticias&post=147507"},{"taxonomy":"noticia-do-sistema","embeddable":true,"href":"https:\/\/faciapmulher.org.br\/index.php?rest_route=%2Fwp%2Fv2%2Fnoticia-do-sistema&post=147507"}],"curies":[{"name":"wp","href":"https:\/\/api.w.org\/{rel}","templated":true}]}}