{"id":147510,"date":"2022-03-09T00:00:00","date_gmt":"2022-03-09T00:00:00","guid":{"rendered":"https:\/\/faciapmulher.org.br\/?p=147510"},"modified":"2026-03-26T13:56:24","modified_gmt":"2026-03-26T13:56:24","slug":"aciai-e-nucleo-das-empreendedoras-faz-homenagens-as-mulheres-iratienses","status":"publish","type":"post","link":"https:\/\/faciapmulher.org.br\/?p=147510","title":{"rendered":"Aciai e N\u00facleo das Empreendedoras faz homenagens \u00e0s mulheres iratienses"},"content":{"rendered":"<p>&ldquo;As mulheres t&ecirc;m muita for&ccedil;a, &eacute; uma honra ver a Casa do Empres&aacute;rio repleta de mulheres que empreendem, s&atilde;o m&atilde;es, colaboram com a sociedade e com tantas outras fun&ccedil;&otilde;es que realizam com maestria. N&oacute;s da Aciai parabenizamos a todas as mulheres pelo seu dia&rdquo;, disse o presidente da Aciai, Elias Mansur, ele que &eacute; um grande incentivador das lideran&ccedil;as femininas, pois foi em sua gest&atilde;o em 1991 que foi criado o primeiro N&uacute;cleo de Empres&aacute;rias da Aciai, e novamente com sua coordena&ccedil;&atilde;o em 2019, o N&uacute;cleo das Empreendedoras foi reativado.<\/p>\n<p>&ldquo;Todas as mulheres que aqui est&atilde;o s&atilde;o especiais, tem uma trajet&oacute;ria admir&aacute;vel. Hoje, &eacute; uma felicidade reunir tantas mulheres para homenage&aacute;-las e valorizar todas as a&ccedil;&otilde;es que realizam e que colaboram para que tenhamos um mundo cada vez melhor&rdquo;, destaca a presidente do N&uacute;cleo das Empreendedoras, Janete Menon.<\/p>\n<p>Durante o evento, foram homenageadas quatro mulheres que representam a for&ccedil;a, sensibilidade e a garra da mulher iratiense, tendo em suas trajet&oacute;rias a busca de um mundo mais justo, igualit&aacute;rio e coerente, conhe&ccedil;a as homenageadas:<\/p>\n<p><strong><em>Enfermeira, Luciane Batista dos Santos<\/em><\/strong><\/p>\n<p>Atua h&aacute; mais de 10 anos como enfermeira e realizou um trabalho na linha de frente no enfrentamento ao Covid-19 por dois anos na Sa&uacute;de de Irati. Em 2020, ela teve Covid afetando 95% dos pulm&otilde;es, e tamb&eacute;m perdeu a m&atilde;e em decorr&ecirc;ncia da doen&ccedil;a.<\/p>\n<p>&ldquo;Cada atendimento &eacute; &uacute;nico, assim como cada pessoa. E dessa forma que sempre busco realizar minhas atividades, com todo amor, o paciente n&atilde;o precisa apenas de atendimento na Sa&uacute;de, ele precisa de aten&ccedil;&atilde;o e carinho tamb&eacute;m nas atitudes&rdquo;, comenta Luciane.<\/p>\n<p><strong><em>Vice-prefeita, Ieda Regina Shimalesky Waydzik<\/em><\/strong><\/p>\n<p>Iratiense, formada em Direito, teve desde o in&iacute;cio da sua trajet&oacute;ria profissional uma aten&ccedil;&atilde;o ao desenvolvimento social. Tendo realizado diversos trabalhos volunt&aacute;rios relevantes a frente da Anapci e Rede Feminina, entre eles, a atua&ccedil;&atilde;o pela vinda da unidade do Erasto Gaertner para Irati. Em 2021, foi eleita vice-prefeita do munic&iacute;pio.<\/p>\n<p>&ldquo;Temos realizado diversas a&ccedil;&otilde;es voltadas &agrave;s mulheres, como o fortalecimento na rede de combate &agrave; viol&ecirc;ncia, aumento nas vagas em creches e novos cursos profissionalizantes para que as mulheres tenham uma rede de apoio em Irati&rdquo;, conta Ieda.<\/p>\n<p><strong><em>Educadora, Lenita Ruva<\/em><\/strong><\/p>\n<p>Refer&ecirc;ncia na &aacute;rea de Educa&ccedil;&atilde;o e tamb&eacute;m em diversos trabalhos sociais realizados em prol da comunidade iratiense, tem em toda a sua trajet&oacute;ria a luta pelo amplo acesso e a melhoria educacional e conviv&ecirc;ncia cidad&atilde; em Irati.<\/p>\n<p>&ldquo;O investimento em educa&ccedil;&atilde;o tem o poder de transformar vidas, e essa foi a miss&atilde;o que eu escolhi abra&ccedil;ar, assim como tantas mulheres que hoje aqui est&atilde;o. Quando cada um faz um pouco conseguimos resultados lindos e transformadores&rdquo;, destaca Lenita.<\/p>\n<p><strong><em>Empres&aacute;ria, Serli Aparecida Laroca<\/em><\/strong><\/p>\n<p>Iniciou a vida<strong><em>&nbsp;<\/em><\/strong>profissional aos 15 anos, tendo trabalhado em diversos com&eacute;rcios locais. Em 1993 abriu seu pr&oacute;prio neg&oacute;cio, por&eacute;m com muitas dificuldades, mas com o tempo os clientes foram aumentando e em 2021 construiu seu pr&eacute;dio pr&oacute;prio contando hoje com cinco colaboradores fixos e dois terceirizados.<\/p>\n<p>&ldquo;As mulheres precisam conquistar seu espa&ccedil;o, e as vezes esse trabalho come&ccedil;a dentro de cada. Queria deixar a mensagem que todo esfor&ccedil;o vale a pena, e que com todo dedica&ccedil;&atilde;o e comprometimento, os resultados sempre ser&atilde;o positivos&rdquo;, cita Serli.<\/p>\n","protected":false},"excerpt":{"rendered":"<p>A manh\u00e3 desta ter\u00e7a-feira, dia 8, foi de homenagens ao Dia Internacional da Mulher na Associa\u00e7\u00e3o Comercial e Empresarial de Irati \u2013 Aciai. O evento que foi realizado pela Aciai em parceria com o N\u00facle<\/p>\n","protected":false},"author":13,"featured_media":147511,"comment_status":"open","ping_status":"closed","sticky":false,"template":"","format":"standard","meta":{"_acf_changed":false,"_joinchat":[],"footnotes":""},"categories":[1],"tags":[],"categorias-noticias":[149],"noticia-do-sistema":[],"class_list":["post-147510","post","type-post","status-publish","format-standard","has-post-thumbnail","hentry","category-uncategorized","categorias-noticias-institucional"],"acf":{"galeria_noticia":[{"id":147511,"title":"upload_69c53afd6e2a0jpg","caption":"","full_image_url":"https:\/\/faciapmulher.org.br\/wp-content\/uploads\/2026\/03\/upload_69c53afd6e2a0jpg.jpg","thumbnail_image_url":"https:\/\/faciapmulher.org.br\/wp-content\/uploads\/2026\/03\/upload_69c53afd6e2a0jpg-150x150.jpg","large_srcset":"https:\/\/faciapmulher.org.br\/wp-content\/uploads\/2026\/03\/upload_69c53afd6e2a0jpg.jpg 1024w, https:\/\/faciapmulher.org.br\/wp-content\/uploads\/2026\/03\/upload_69c53afd6e2a0jpg-300x188.jpg 300w, https:\/\/faciapmulher.org.br\/wp-content\/uploads\/2026\/03\/upload_69c53afd6e2a0jpg-768x482.jpg 768w","medium_srcset":"https:\/\/faciapmulher.org.br\/wp-content\/uploads\/2026\/03\/upload_69c53afd6e2a0jpg-300x188.jpg 300w, https:\/\/faciapmulher.org.br\/wp-content\/uploads\/2026\/03\/upload_69c53afd6e2a0jpg-768x482.jpg 768w, https:\/\/faciapmulher.org.br\/wp-content\/uploads\/2026\/03\/upload_69c53afd6e2a0jpg.jpg 1024w","media_details":{"width":1024,"height":643,"sizes":{"medium":{"file":"upload_69c53afd6e2a0jpg-300x188.jpg","width":300,"height":188,"mime-type":"image\/jpeg","filesize":17315,"source_url":"https:\/\/faciapmulher.org.br\/wp-content\/uploads\/2026\/03\/upload_69c53afd6e2a0jpg-300x188.jpg"},"thumbnail":{"file":"upload_69c53afd6e2a0jpg-150x150.jpg","width":150,"height":150,"mime-type":"image\/jpeg","filesize":8222,"source_url":"https:\/\/faciapmulher.org.br\/wp-content\/uploads\/2026\/03\/upload_69c53afd6e2a0jpg-150x150.jpg"},"medium_large":{"file":"upload_69c53afd6e2a0jpg-768x482.jpg","width":768,"height":482,"mime-type":"image\/jpeg","filesize":72257,"source_url":"https:\/\/faciapmulher.org.br\/wp-content\/uploads\/2026\/03\/upload_69c53afd6e2a0jpg-768x482.jpg"}}},"alt_text":"","url":"","target":""},{"id":147513,"title":"upload_69c53b02703a1jpg","caption":"","full_image_url":"https:\/\/faciapmulher.org.br\/wp-content\/uploads\/2026\/03\/upload_69c53b02703a1jpg.jpg","thumbnail_image_url":"https:\/\/faciapmulher.org.br\/wp-content\/uploads\/2026\/03\/upload_69c53b02703a1jpg-150x150.jpg","large_srcset":"https:\/\/faciapmulher.org.br\/wp-content\/uploads\/2026\/03\/upload_69c53b02703a1jpg.jpg 1024w, https:\/\/faciapmulher.org.br\/wp-content\/uploads\/2026\/03\/upload_69c53b02703a1jpg-300x200.jpg 300w, https:\/\/faciapmulher.org.br\/wp-content\/uploads\/2026\/03\/upload_69c53b02703a1jpg-768x512.jpg 768w","medium_srcset":"https:\/\/faciapmulher.org.br\/wp-content\/uploads\/2026\/03\/upload_69c53b02703a1jpg-300x200.jpg 300w, https:\/\/faciapmulher.org.br\/wp-content\/uploads\/2026\/03\/upload_69c53b02703a1jpg-768x512.jpg 768w, https:\/\/faciapmulher.org.br\/wp-content\/uploads\/2026\/03\/upload_69c53b02703a1jpg.jpg 1024w","media_details":{"width":1024,"height":682,"sizes":{"medium":{"file":"upload_69c53b02703a1jpg-300x200.jpg","width":300,"height":200,"mime-type":"image\/jpeg","filesize":16251,"source_url":"https:\/\/faciapmulher.org.br\/wp-content\/uploads\/2026\/03\/upload_69c53b02703a1jpg-300x200.jpg"},"thumbnail":{"file":"upload_69c53b02703a1jpg-150x150.jpg","width":150,"height":150,"mime-type":"image\/jpeg","filesize":8006,"source_url":"https:\/\/faciapmulher.org.br\/wp-content\/uploads\/2026\/03\/upload_69c53b02703a1jpg-150x150.jpg"},"medium_large":{"file":"upload_69c53b02703a1jpg-768x512.jpg","width":768,"height":512,"mime-type":"image\/jpeg","filesize":65054,"source_url":"https:\/\/faciapmulher.org.br\/wp-content\/uploads\/2026\/03\/upload_69c53b02703a1jpg-768x512.jpg"}}},"alt_text":"","url":"","target":""}],"video":"","data_de_publicacao":"2022\/03\/09","nucleos":null,"fonte":"ACIAI","link_origem":"","abrir_origem":false},"yoast_head":"<!-- This site is optimized with the Yoast SEO plugin v27.4 - https:\/\/yoast.com\/product\/yoast-seo-wordpress\/ -->\n<title>Aciai e N\u00facleo das Empreendedoras faz homenagens \u00e0s mulheres iratienses - FACIAP Mulher<\/title>\n<meta name=\"robots\" content=\"index, follow, max-snippet:-1, max-image-preview:large, max-video-preview:-1\" \/>\n<link rel=\"canonical\" href=\"https:\/\/faciapmulher.org.br\/?p=147510\" \/>\n<meta property=\"og:locale\" content=\"pt_BR\" \/>\n<meta property=\"og:type\" content=\"article\" \/>\n<meta property=\"og:title\" content=\"Aciai e N\u00facleo das Empreendedoras faz homenagens \u00e0s mulheres iratienses - FACIAP Mulher\" \/>\n<meta property=\"og:description\" content=\"A manh\u00e3 desta ter\u00e7a-feira, dia 8, foi de homenagens ao Dia Internacional da Mulher na Associa\u00e7\u00e3o Comercial e Empresarial de Irati \u2013 Aciai. O evento que foi realizado pela Aciai em parceria com o N\u00facle\" \/>\n<meta property=\"og:url\" content=\"https:\/\/faciapmulher.org.br\/?p=147510\" \/>\n<meta property=\"og:site_name\" content=\"FACIAP Mulher\" \/>\n<meta property=\"article:published_time\" content=\"2022-03-09T00:00:00+00:00\" \/>\n<meta property=\"article:modified_time\" content=\"2026-03-26T13:56:24+00:00\" \/>\n<meta property=\"og:image\" content=\"https:\/\/faciapmulher.org.br\/wp-content\/uploads\/2026\/03\/upload_69c53afd6e2a0jpg.jpg\" \/>\n\t<meta property=\"og:image:width\" content=\"1024\" \/>\n\t<meta property=\"og:image:height\" content=\"643\" \/>\n\t<meta property=\"og:image:type\" content=\"image\/jpeg\" \/>\n<meta name=\"author\" content=\"Edson Zion\" \/>\n<meta name=\"twitter:card\" content=\"summary_large_image\" \/>\n<meta name=\"twitter:label1\" content=\"Escrito por\" \/>\n\t<meta name=\"twitter:data1\" content=\"Edson Zion\" \/>\n\t<meta name=\"twitter:label2\" content=\"Est. tempo de leitura\" \/>\n\t<meta name=\"twitter:data2\" content=\"3 minutos\" \/>\n<script type=\"application\/ld+json\" class=\"yoast-schema-graph\">{\"@context\":\"https:\\\/\\\/schema.org\",\"@graph\":[{\"@type\":\"Article\",\"@id\":\"https:\\\/\\\/faciapmulher.org.br\\\/?p=147510#article\",\"isPartOf\":{\"@id\":\"https:\\\/\\\/faciapmulher.org.br\\\/?p=147510\"},\"author\":{\"name\":\"Edson Zion\",\"@id\":\"https:\\\/\\\/faciapmulher.org.br\\\/#\\\/schema\\\/person\\\/f7c3d66b1c5982715969efaaabd0c20a\"},\"headline\":\"Aciai e N\u00facleo das Empreendedoras faz homenagens \u00e0s mulheres iratienses\",\"datePublished\":\"2022-03-09T00:00:00+00:00\",\"dateModified\":\"2026-03-26T13:56:24+00:00\",\"mainEntityOfPage\":{\"@id\":\"https:\\\/\\\/faciapmulher.org.br\\\/?p=147510\"},\"wordCount\":682,\"commentCount\":0,\"publisher\":{\"@id\":\"https:\\\/\\\/faciapmulher.org.br\\\/#organization\"},\"image\":{\"@id\":\"https:\\\/\\\/faciapmulher.org.br\\\/?p=147510#primaryimage\"},\"thumbnailUrl\":\"https:\\\/\\\/faciapmulher.org.br\\\/wp-content\\\/uploads\\\/2026\\\/03\\\/upload_69c53afd6e2a0jpg.jpg\",\"articleSection\":[\"Uncategorized\"],\"inLanguage\":\"pt-BR\",\"potentialAction\":[{\"@type\":\"CommentAction\",\"name\":\"Comment\",\"target\":[\"https:\\\/\\\/faciapmulher.org.br\\\/?p=147510#respond\"]}]},{\"@type\":\"WebPage\",\"@id\":\"https:\\\/\\\/faciapmulher.org.br\\\/?p=147510\",\"url\":\"https:\\\/\\\/faciapmulher.org.br\\\/?p=147510\",\"name\":\"Aciai e N\u00facleo das Empreendedoras faz homenagens \u00e0s mulheres iratienses - FACIAP Mulher\",\"isPartOf\":{\"@id\":\"https:\\\/\\\/faciapmulher.org.br\\\/#website\"},\"primaryImageOfPage\":{\"@id\":\"https:\\\/\\\/faciapmulher.org.br\\\/?p=147510#primaryimage\"},\"image\":{\"@id\":\"https:\\\/\\\/faciapmulher.org.br\\\/?p=147510#primaryimage\"},\"thumbnailUrl\":\"https:\\\/\\\/faciapmulher.org.br\\\/wp-content\\\/uploads\\\/2026\\\/03\\\/upload_69c53afd6e2a0jpg.jpg\",\"datePublished\":\"2022-03-09T00:00:00+00:00\",\"dateModified\":\"2026-03-26T13:56:24+00:00\",\"breadcrumb\":{\"@id\":\"https:\\\/\\\/faciapmulher.org.br\\\/?p=147510#breadcrumb\"},\"inLanguage\":\"pt-BR\",\"potentialAction\":[{\"@type\":\"ReadAction\",\"target\":[\"https:\\\/\\\/faciapmulher.org.br\\\/?p=147510\"]}]},{\"@type\":\"ImageObject\",\"inLanguage\":\"pt-BR\",\"@id\":\"https:\\\/\\\/faciapmulher.org.br\\\/?p=147510#primaryimage\",\"url\":\"https:\\\/\\\/faciapmulher.org.br\\\/wp-content\\\/uploads\\\/2026\\\/03\\\/upload_69c53afd6e2a0jpg.jpg\",\"contentUrl\":\"https:\\\/\\\/faciapmulher.org.br\\\/wp-content\\\/uploads\\\/2026\\\/03\\\/upload_69c53afd6e2a0jpg.jpg\",\"width\":1024,\"height\":643},{\"@type\":\"BreadcrumbList\",\"@id\":\"https:\\\/\\\/faciapmulher.org.br\\\/?p=147510#breadcrumb\",\"itemListElement\":[{\"@type\":\"ListItem\",\"position\":1,\"name\":\"In\u00edcio\",\"item\":\"https:\\\/\\\/faciapmulher.org.br\\\/\"},{\"@type\":\"ListItem\",\"position\":2,\"name\":\"Aciai e N\u00facleo das Empreendedoras faz homenagens \u00e0s mulheres iratienses\"}]},{\"@type\":\"WebSite\",\"@id\":\"https:\\\/\\\/faciapmulher.org.br\\\/#website\",\"url\":\"https:\\\/\\\/faciapmulher.org.br\\\/\",\"name\":\"FACIAP Mulher\",\"description\":\"\",\"publisher\":{\"@id\":\"https:\\\/\\\/faciapmulher.org.br\\\/#organization\"},\"potentialAction\":[{\"@type\":\"SearchAction\",\"target\":{\"@type\":\"EntryPoint\",\"urlTemplate\":\"https:\\\/\\\/faciapmulher.org.br\\\/?s={search_term_string}\"},\"query-input\":{\"@type\":\"PropertyValueSpecification\",\"valueRequired\":true,\"valueName\":\"search_term_string\"}}],\"inLanguage\":\"pt-BR\"},{\"@type\":\"Organization\",\"@id\":\"https:\\\/\\\/faciapmulher.org.br\\\/#organization\",\"name\":\"FACIAP Mulher\",\"url\":\"https:\\\/\\\/faciapmulher.org.br\\\/\",\"logo\":{\"@type\":\"ImageObject\",\"inLanguage\":\"pt-BR\",\"@id\":\"https:\\\/\\\/faciapmulher.org.br\\\/#\\\/schema\\\/logo\\\/image\\\/\",\"url\":\"https:\\\/\\\/faciapmulher.org.br\\\/wp-content\\\/uploads\\\/2024\\\/07\\\/caciopar_logo.jpg\",\"contentUrl\":\"https:\\\/\\\/faciapmulher.org.br\\\/wp-content\\\/uploads\\\/2024\\\/07\\\/caciopar_logo.jpg\",\"width\":1024,\"height\":236,\"caption\":\"FACIAP Mulher\"},\"image\":{\"@id\":\"https:\\\/\\\/faciapmulher.org.br\\\/#\\\/schema\\\/logo\\\/image\\\/\"}},{\"@type\":\"Person\",\"@id\":\"https:\\\/\\\/faciapmulher.org.br\\\/#\\\/schema\\\/person\\\/f7c3d66b1c5982715969efaaabd0c20a\",\"name\":\"Edson Zion\",\"image\":{\"@type\":\"ImageObject\",\"inLanguage\":\"pt-BR\",\"@id\":\"https:\\\/\\\/secure.gravatar.com\\\/avatar\\\/6a441ae7e9f2983d9532cf9879abc79f99460f3452ce1a11d1e2478e9b65a6f7?s=96&d=mm&r=g\",\"url\":\"https:\\\/\\\/secure.gravatar.com\\\/avatar\\\/6a441ae7e9f2983d9532cf9879abc79f99460f3452ce1a11d1e2478e9b65a6f7?s=96&d=mm&r=g\",\"contentUrl\":\"https:\\\/\\\/secure.gravatar.com\\\/avatar\\\/6a441ae7e9f2983d9532cf9879abc79f99460f3452ce1a11d1e2478e9b65a6f7?s=96&d=mm&r=g\",\"caption\":\"Edson Zion\"},\"url\":\"https:\\\/\\\/faciapmulher.org.br\\\/?author=13\"}]}<\/script>\n<!-- \/ Yoast SEO plugin. -->","yoast_head_json":{"title":"Aciai e N\u00facleo das Empreendedoras faz homenagens \u00e0s mulheres iratienses - FACIAP Mulher","robots":{"index":"index","follow":"follow","max-snippet":"max-snippet:-1","max-image-preview":"max-image-preview:large","max-video-preview":"max-video-preview:-1"},"canonical":"https:\/\/faciapmulher.org.br\/?p=147510","og_locale":"pt_BR","og_type":"article","og_title":"Aciai e N\u00facleo das Empreendedoras faz homenagens \u00e0s mulheres iratienses - FACIAP Mulher","og_description":"A manh\u00e3 desta ter\u00e7a-feira, dia 8, foi de homenagens ao Dia Internacional da Mulher na Associa\u00e7\u00e3o Comercial e Empresarial de Irati \u2013 Aciai. O evento que foi realizado pela Aciai em parceria com o N\u00facle","og_url":"https:\/\/faciapmulher.org.br\/?p=147510","og_site_name":"FACIAP Mulher","article_published_time":"2022-03-09T00:00:00+00:00","article_modified_time":"2026-03-26T13:56:24+00:00","og_image":[{"width":1024,"height":643,"url":"https:\/\/faciapmulher.org.br\/wp-content\/uploads\/2026\/03\/upload_69c53afd6e2a0jpg.jpg","type":"image\/jpeg"}],"author":"Edson Zion","twitter_card":"summary_large_image","twitter_misc":{"Escrito por":"Edson Zion","Est. tempo de leitura":"3 minutos"},"schema":{"@context":"https:\/\/schema.org","@graph":[{"@type":"Article","@id":"https:\/\/faciapmulher.org.br\/?p=147510#article","isPartOf":{"@id":"https:\/\/faciapmulher.org.br\/?p=147510"},"author":{"name":"Edson Zion","@id":"https:\/\/faciapmulher.org.br\/#\/schema\/person\/f7c3d66b1c5982715969efaaabd0c20a"},"headline":"Aciai e N\u00facleo das Empreendedoras faz homenagens \u00e0s mulheres iratienses","datePublished":"2022-03-09T00:00:00+00:00","dateModified":"2026-03-26T13:56:24+00:00","mainEntityOfPage":{"@id":"https:\/\/faciapmulher.org.br\/?p=147510"},"wordCount":682,"commentCount":0,"publisher":{"@id":"https:\/\/faciapmulher.org.br\/#organization"},"image":{"@id":"https:\/\/faciapmulher.org.br\/?p=147510#primaryimage"},"thumbnailUrl":"https:\/\/faciapmulher.org.br\/wp-content\/uploads\/2026\/03\/upload_69c53afd6e2a0jpg.jpg","articleSection":["Uncategorized"],"inLanguage":"pt-BR","potentialAction":[{"@type":"CommentAction","name":"Comment","target":["https:\/\/faciapmulher.org.br\/?p=147510#respond"]}]},{"@type":"WebPage","@id":"https:\/\/faciapmulher.org.br\/?p=147510","url":"https:\/\/faciapmulher.org.br\/?p=147510","name":"Aciai e N\u00facleo das Empreendedoras faz homenagens \u00e0s mulheres iratienses - FACIAP Mulher","isPartOf":{"@id":"https:\/\/faciapmulher.org.br\/#website"},"primaryImageOfPage":{"@id":"https:\/\/faciapmulher.org.br\/?p=147510#primaryimage"},"image":{"@id":"https:\/\/faciapmulher.org.br\/?p=147510#primaryimage"},"thumbnailUrl":"https:\/\/faciapmulher.org.br\/wp-content\/uploads\/2026\/03\/upload_69c53afd6e2a0jpg.jpg","datePublished":"2022-03-09T00:00:00+00:00","dateModified":"2026-03-26T13:56:24+00:00","breadcrumb":{"@id":"https:\/\/faciapmulher.org.br\/?p=147510#breadcrumb"},"inLanguage":"pt-BR","potentialAction":[{"@type":"ReadAction","target":["https:\/\/faciapmulher.org.br\/?p=147510"]}]},{"@type":"ImageObject","inLanguage":"pt-BR","@id":"https:\/\/faciapmulher.org.br\/?p=147510#primaryimage","url":"https:\/\/faciapmulher.org.br\/wp-content\/uploads\/2026\/03\/upload_69c53afd6e2a0jpg.jpg","contentUrl":"https:\/\/faciapmulher.org.br\/wp-content\/uploads\/2026\/03\/upload_69c53afd6e2a0jpg.jpg","width":1024,"height":643},{"@type":"BreadcrumbList","@id":"https:\/\/faciapmulher.org.br\/?p=147510#breadcrumb","itemListElement":[{"@type":"ListItem","position":1,"name":"In\u00edcio","item":"https:\/\/faciapmulher.org.br\/"},{"@type":"ListItem","position":2,"name":"Aciai e N\u00facleo das Empreendedoras faz homenagens \u00e0s mulheres iratienses"}]},{"@type":"WebSite","@id":"https:\/\/faciapmulher.org.br\/#website","url":"https:\/\/faciapmulher.org.br\/","name":"FACIAP Mulher","description":"","publisher":{"@id":"https:\/\/faciapmulher.org.br\/#organization"},"potentialAction":[{"@type":"SearchAction","target":{"@type":"EntryPoint","urlTemplate":"https:\/\/faciapmulher.org.br\/?s={search_term_string}"},"query-input":{"@type":"PropertyValueSpecification","valueRequired":true,"valueName":"search_term_string"}}],"inLanguage":"pt-BR"},{"@type":"Organization","@id":"https:\/\/faciapmulher.org.br\/#organization","name":"FACIAP Mulher","url":"https:\/\/faciapmulher.org.br\/","logo":{"@type":"ImageObject","inLanguage":"pt-BR","@id":"https:\/\/faciapmulher.org.br\/#\/schema\/logo\/image\/","url":"https:\/\/faciapmulher.org.br\/wp-content\/uploads\/2024\/07\/caciopar_logo.jpg","contentUrl":"https:\/\/faciapmulher.org.br\/wp-content\/uploads\/2024\/07\/caciopar_logo.jpg","width":1024,"height":236,"caption":"FACIAP Mulher"},"image":{"@id":"https:\/\/faciapmulher.org.br\/#\/schema\/logo\/image\/"}},{"@type":"Person","@id":"https:\/\/faciapmulher.org.br\/#\/schema\/person\/f7c3d66b1c5982715969efaaabd0c20a","name":"Edson Zion","image":{"@type":"ImageObject","inLanguage":"pt-BR","@id":"https:\/\/secure.gravatar.com\/avatar\/6a441ae7e9f2983d9532cf9879abc79f99460f3452ce1a11d1e2478e9b65a6f7?s=96&d=mm&r=g","url":"https:\/\/secure.gravatar.com\/avatar\/6a441ae7e9f2983d9532cf9879abc79f99460f3452ce1a11d1e2478e9b65a6f7?s=96&d=mm&r=g","contentUrl":"https:\/\/secure.gravatar.com\/avatar\/6a441ae7e9f2983d9532cf9879abc79f99460f3452ce1a11d1e2478e9b65a6f7?s=96&d=mm&r=g","caption":"Edson Zion"},"url":"https:\/\/faciapmulher.org.br\/?author=13"}]}},"_links":{"self":[{"href":"https:\/\/faciapmulher.org.br\/index.php?rest_route=\/wp\/v2\/posts\/147510","targetHints":{"allow":["GET"]}}],"collection":[{"href":"https:\/\/faciapmulher.org.br\/index.php?rest_route=\/wp\/v2\/posts"}],"about":[{"href":"https:\/\/faciapmulher.org.br\/index.php?rest_route=\/wp\/v2\/types\/post"}],"author":[{"embeddable":true,"href":"https:\/\/faciapmulher.org.br\/index.php?rest_route=\/wp\/v2\/users\/13"}],"replies":[{"embeddable":true,"href":"https:\/\/faciapmulher.org.br\/index.php?rest_route=%2Fwp%2Fv2%2Fcomments&post=147510"}],"version-history":[{"count":1,"href":"https:\/\/faciapmulher.org.br\/index.php?rest_route=\/wp\/v2\/posts\/147510\/revisions"}],"predecessor-version":[{"id":147512,"href":"https:\/\/faciapmulher.org.br\/index.php?rest_route=\/wp\/v2\/posts\/147510\/revisions\/147512"}],"wp:featuredmedia":[{"embeddable":true,"href":"https:\/\/faciapmulher.org.br\/index.php?rest_route=\/wp\/v2\/media\/147511"}],"wp:attachment":[{"href":"https:\/\/faciapmulher.org.br\/index.php?rest_route=%2Fwp%2Fv2%2Fmedia&parent=147510"}],"wp:term":[{"taxonomy":"category","embeddable":true,"href":"https:\/\/faciapmulher.org.br\/index.php?rest_route=%2Fwp%2Fv2%2Fcategories&post=147510"},{"taxonomy":"post_tag","embeddable":true,"href":"https:\/\/faciapmulher.org.br\/index.php?rest_route=%2Fwp%2Fv2%2Ftags&post=147510"},{"taxonomy":"categorias-noticias","embeddable":true,"href":"https:\/\/faciapmulher.org.br\/index.php?rest_route=%2Fwp%2Fv2%2Fcategorias-noticias&post=147510"},{"taxonomy":"noticia-do-sistema","embeddable":true,"href":"https:\/\/faciapmulher.org.br\/index.php?rest_route=%2Fwp%2Fv2%2Fnoticia-do-sistema&post=147510"}],"curies":[{"name":"wp","href":"https:\/\/api.w.org\/{rel}","templated":true}]}}