{"id":147542,"date":"2022-06-06T00:00:00","date_gmt":"2022-06-06T00:00:00","guid":{"rendered":"https:\/\/faciapmulher.org.br\/?p=147542"},"modified":"2026-03-26T13:57:40","modified_gmt":"2026-03-26T13:57:40","slug":"acipg-da-posse-a-nova-diretoria","status":"publish","type":"post","link":"https:\/\/faciapmulher.org.br\/?p=147542","title":{"rendered":"ACIPG d\u00e1 posse \u00e0 nova diretoria"},"content":{"rendered":"<p>A Associa&ccedil;&atilde;o Comercial, Industrial e Empresarial de Ponta Grossa (ACIPG) tem nova diretoria. Giorgia Bin Bochenek assume a presid&ecirc;ncia da entidade e tomou posse ao lado dos 30 diretores, em cerim&ocirc;nia realizada no Clube Ponta-Lagoa na noite da &uacute;ltima segunda-feira, 30.<\/p>\n<p>A solenidade contou com a presen&ccedil;a de l&iacute;deres&nbsp;pol&iacute;ticos, empresariais e da sociedade civil organizada. A prefeita de Ponta Grossa, Elizabeth Schmidt prestigiou a cerim&ocirc;nia e em seu discurso enalteceu a relev&acirc;ncia da ACIPG, al&eacute;m de parabenizar a presid&ecirc;ncia de Giorgia Bochenek. &ldquo;Cumprimento a ACIPG pela sua nova lideran&ccedil;a, ela diz muito sobre a nossa comunidade. O setor produtivo &eacute; nosso aliado e estamos atuando com a ajuda do Governo do Estado e outros tantos agentes p&uacute;blicos pelo bem da nossa cidade&rdquo;, discursou Elizabeth Schmidt.<\/p>\n<p>A nova diretoria toma posse no ano em que a Associa&ccedil;&atilde;o Comercial, Industrial e Empresarial de Ponta Grossa chega &agrave; hist&oacute;rica marca de cem anos de exist&ecirc;ncia. A cerim&ocirc;nia da &uacute;ltima segunda-feira tamb&eacute;m lembrou da hist&oacute;ria centen&aacute;ria da entidade, promovendo homenagens aos ex-presidentes, al&eacute;m da apresenta&ccedil;&atilde;o do livro que conta a hist&oacute;ria dos cem anos da ACIPG.<\/p>\n<p>Douglas Fanchin Taques Fonseca deixa a presid&ecirc;ncia da ACIPG ap&oacute;s seis anos &agrave; frente da entidade, e em diferentes gest&otilde;es, ele completou dez anos como presidente, se tornando o mandat&aacute;rio que mais tempo esteve na presid&ecirc;ncia da Associa&ccedil;&atilde;o.<\/p>\n<p>Na solenidade, Douglas relembrou algumas das mais importantes a&ccedil;&otilde;es da ACIPG durante sua &uacute;ltima gest&atilde;o, destacando a relev&acirc;ncia que a Associa&ccedil;&atilde;o Comercial possui na sociedade ponta-grossense. Douglas ainda enalteceu o trabalho de diretores, colaboradores e parceiros que estiveram ao seu lado, al&eacute;m de destacar aquele que &eacute; um dos maiores feitos de sua gest&atilde;o: a constru&ccedil;&atilde;o de uma nova sede para a ACIPG. &ldquo;Queria agradecer as autoridades presentes, nossos associados, diretores e colaboradores, lideran&ccedil;as da nossa cidade, minha fam&iacute;lia e todos os ex-presidentes que vieram ao longo desses cem anos da ACIPG fazendo um grande trabalho. A ACIPG n&atilde;o defende somente o interesse dos empres&aacute;rios, ela defende os interesses da comunidade como um todo. Porque temos certeza que a comunidade como um todo indo bem, a ind&uacute;stria vai bem, o com&eacute;rcio vai bem e todos os setores ir&atilde;o bem&rdquo;, destacou Douglas. &ldquo;A ACIPG ter&aacute; uma nova sede a partir deste ano. A nossa nova sede ser&aacute; a maior sede de associa&ccedil;&otilde;es comerciais da Am&eacute;rica Latina, isso nos orgulha bastante. L&aacute; ser&aacute; a Casa do Empres&aacute;rio com toda a estrutura que o empres&aacute;rio precisa&rdquo;, complementou.<\/p>\n<p>Douglas tamb&eacute;m agradeceu &agrave; presidente Giorgia Bin Bochenek, que foi diretora da Associa&ccedil;&atilde;o nos &uacute;ltimos anos, al&eacute;m de ter comandado a ACIPG Mulher, feitos enaltecidos pelo agora ex-presidente. &ldquo;Para mim e toda a diretoria foi uma honra muito grande quando a Giorgia aceitou o desafio de ser a presidente da ACIPG. Ela esteve seis anos conosco na diretoria, esteve &agrave; frente da ACIPG Mulher onde fez um brilhante trabalho e &eacute; uma honra muito grande ela dar continuidade aos trabalhos, agora como presidente da ACIPG. Muito obrigado &agrave; Giorgia e &eacute; uma honra t&ecirc;-la &agrave; frente da Associa&ccedil;&atilde;o Comercial&rdquo;, destacou Douglas.<\/p>\n<p>Giorgia Bin Bochenek e a nova diretoria tomaram posse e a presidente destacou os desafios que ela e a entidade ter&atilde;o pelos pr&oacute;ximos anos, destacando o papel fundamental que a ACIPG possui para o desenvolvimento de Ponta Grossa e regi&atilde;o. &ldquo;&Eacute; com muita emo&ccedil;&atilde;o que eu recebo a posse da Presid&ecirc;ncia da Associa&ccedil;&atilde;o Comercial, Industrial e Empresarial de Ponta Grossa. Quero saudar a todos os associados que confiaram na nova diretoria para represent&aacute;-los, estarei sempre &agrave; disposi&ccedil;&atilde;o de todos, para juntos, construirmos solu&ccedil;&otilde;es. Queria cumprimentar o Douglas Taques Fonseca, por tudo que fez, especialmente por ser idealizador do novo pr&eacute;dio da ACIPG. Muito obrigado pelo apoio, por acreditar no nosso trabalho e capacidade&rdquo;, afirmou.<\/p>\n<p>A marca hist&oacute;rica de cem anos de ACIPG n&atilde;o deixou de ser mencionada pela nova presidente, que tamb&eacute;m fez quest&atilde;o de mencionar o futuro da Associa&ccedil;&atilde;o para os pr&oacute;ximos anos, que ser&aacute; igualmente fundamental para o futuro de Ponta Grossa. &ldquo;A jornada para chegar aqui n&atilde;o foi f&aacute;cil e ser&atilde;o muitos os desafios e ser&aacute; preciso ter muita dedica&ccedil;&atilde;o pela frente. Completamos cem anos, e mais do que o fim de uma etapa, o compromisso nos chama para o in&iacute;cio de uma nova fase, nesse momento hist&oacute;rico para Ponta Grossa, teremos muitos projetos para realizar. Ponta Grossa vai completar 200 anos, e em 50% desse tempo a ACIPG esteve presente, ajudando a construir a cidade mais digna e mais pr&oacute;spera. Nossa cidade est&aacute; em constante transforma&ccedil;&otilde;es, atraindo investimentos e investidores, se torna relevante como centro comercial, industrial e atrai os mais variados setores&rdquo;, disse Giorgia em seu discurso de posse.<\/p>\n<p>A uni&atilde;o de esfor&ccedil;os ser&aacute; essencial para uma boa gest&atilde;o e para o desenvolvimento de Ponta Grossa, acredita a presidente da ACIPG, que destacou este papel importante que a ACIPG ter&aacute;, aglutinando diferentes setores em prol do desenvolvimento local. &ldquo;Penso em reunir diferentes lideran&ccedil;as, para juntos sonharmos, planejarmos e construirmos uma cidade melhor. Vamos somar esfor&ccedil;os para atendermos os anseios dos associados, e vamos juntos observar o dia-a-dia dos comerciantes, industri&aacute;rios, agropecuaristas, prestadores de servi&ccedil;os, profissionais liberais e empres&aacute;rios nos bairros e Distrito Industrial, para levarmos inova&ccedil;&atilde;o, informa&ccedil;&atilde;o de conte&uacute;do pr&aacute;tico. N&atilde;o tenho d&uacute;vida que diante de tantos desafios n&atilde;o fugiremos da luta e seguiremos com um &uacute;nico prop&oacute;sito: auxiliar nossos associados&rdquo;, destacou.<\/p>\n<p>Giorgia Bin Bochenek ainda elencou os principais eixos que a Associa&ccedil;&atilde;o Comercial, Industrial e Empresarial de Ponta Grossa seguir&aacute; durante a sua gest&atilde;o, sempre preservando a ess&ecirc;ncia do associativismo e seu papel de relev&acirc;ncia para a sociedade: &ldquo;Com determina&ccedil;&atilde;o e garra darei o meu melhor para que a ACIPG seja pujante e relevante para nossos associados, de todos os segmentos. O papel fundamental da associa&ccedil;&atilde;o comercial na sociedade &eacute; transformar, contribuir para a gera&ccedil;&atilde;o de riquezas, lucro, empregabilidade, al&eacute;m do desenvolvimento local e regional. Nessa gest&atilde;o os quatro principais pilares de a&ccedil;&atilde;o ser&atilde;o: governan&ccedil;a, o incentivo ao associativismo, inova&ccedil;&atilde;o e comunica&ccedil;&atilde;o&rdquo;.<\/p>\n<p><strong>Faciap presente<\/strong><\/p>\n<p>O presidente da Faciap, Fernando Moraes, participou da solenidade de posse da nova Diretoria da ACIPG. Parabenizou a presidente empossada Giorgia Bin Bochenek e colocou a Faciap &agrave; disposi&ccedil;&atilde;o para a realiza&ccedil;&atilde;o de projetos de parcerias que atendam aos interesses dos empres&aacute;rios&nbsp;associados. &quot;Essa aproxima&ccedil;&atilde;o entre a FACIAP&nbsp;e a Associa&ccedil;&atilde;o Comercial e Industrial de Ponta Grossa traz benef&iacute;cios aos empres&aacute;rios&nbsp;e a uni&atilde;o&nbsp;em torno de objetivos conuns &eacute; tudo o que defende o associativismo. Parabenizo, tamb&eacute;m, ao ex-presidente Douglas Taques Fonseca e sua diretoria pelos trabalhos realizados na entidade e pela constru&ccedil;&atilde;o da nova sede, que ser&aacute; umas das maiores sedes de associa&ccedil;&atilde;o da Am&eacute;rica Latina&rdquo;, afirmou Fernando.<\/p>\n<p>Durante a cerim&ocirc;nia, o presidente Fernando Moraes recebeu um exemplar do livro &quot;<strong>Do Centro Commercio e Ind&uacute;stria &agrave; ACIPG&nbsp;&#8211; Um S&eacute;culo de hist&oacute;ria&quot;<\/strong>, que conta a hist&oacute;ria da associa&ccedil;&atilde;o desde a sua funda&ccedil;&atilde;o em 1922.<\/p>\n<p>&nbsp;<\/p>\n<p><strong>Diretoria da ACIPG 2022-2024<\/strong><\/p>\n<p><strong>Presidente:<\/strong>&nbsp;Giorgia Enrietti Bin Bochenek<\/p>\n<p><strong>Vice-presidente:<\/strong>&nbsp;Leonardo Puppi Bernardi<\/p>\n<p><strong>Diretor Secret&aacute;rio<\/strong>: Estefano Stemmer Junior<\/p>\n<p><strong>Diretor Financeiro<\/strong>: Bruno &Iacute;talo Ronchi<\/p>\n<p><strong>Diretora de Com&eacute;rcio<\/strong>: Miriam Prado Barbur Carneiro<\/p>\n<p><strong>Diretor da Ind&uacute;stria:<\/strong>&nbsp;Otto Ferreira Neto<\/p>\n<p><strong>Diretor dos Prestadores de Servi&ccedil;os:<\/strong>&nbsp;F&aacute;bio Aur&eacute;lio Nabozni<\/p>\n<p><strong>Diretor de Agroneg&oacute;cios<\/strong>: Edilson Gorte<\/p>\n<p><strong>Diretor de MEI, Micro e Pequenas Empresas:<\/strong>&nbsp;Juliano Kobellache<\/p>\n<p><strong>Diretor de Assuntos Comunit&aacute;rios e Governamentais:<\/strong>&nbsp;Ant&ocirc;nio Renato Beltr&atilde;o Galv&atilde;o<\/p>\n<p><strong>Diretor de Responsabilidade Social:<\/strong>&nbsp;Rafael de Mello Zanim<\/p>\n<p><strong>Diretor Jur&iacute;dico:<\/strong>&nbsp;Gustavo Souza Neto Mandalozzo<\/p>\n<p><strong>Diretor de Fomento e Estudos Socioecon&ocirc;micos:<\/strong>&nbsp;Athos Carneiro de S&aacute; Junior<\/p>\n<p><strong>Diretor de Solu&ccedil;&otilde;es:<\/strong>&nbsp;Cristiano Junkes<\/p>\n<p><strong>Diretor de Marketing e Comunica&ccedil;&atilde;o:&nbsp;<\/strong>Guilherme Dias de Almeida<\/p>\n<p><strong>Diretor de Eventos e Assuntos Culturais:<\/strong>&nbsp;Indianara Prestes Matar Milleo<\/p>\n<p><strong>Diretora de Associativismo:&nbsp;<\/strong>Adriana Raquel Louren&ccedil;o Almeida Mendon&ccedil;a<\/p>\n<p><strong>Diretor de Planejamento Urbano:<\/strong>&nbsp;Jarbas Goes<\/p>\n<p><strong>Diretor de Capacita&ccedil;&atilde;o Empresarial e Qualifica&ccedil;&atilde;o Profissional:&nbsp;<\/strong>Nelson Ari Canabarro de Oliveira<\/p>\n<p><strong>Diretor de Tecnologia e Inova&ccedil;&atilde;o<\/strong>: Os&eacute;ias Gomes de Moraes<\/p>\n<p><strong>Diretor de Patrim&ocirc;nio:<\/strong>&nbsp;Leonardo Mendes Stadler<\/p>\n<p><strong>Diretor de Turismo<\/strong>: Leandro Carlos Ribas<\/p>\n<p><strong>Diretora Mulher Empres&aacute;ria:&nbsp;<\/strong>Camila Teixeira Kluppel<\/p>\n<p><strong>Diretora Jovem Empres&aacute;rio<\/strong>: Thanile Gabriela Ratti<\/p>\n<p><strong>Diretora de Meio Ambiente:<\/strong>&nbsp;Caroline Schoenberger<\/p>\n<p><strong>Diretor de Pol&iacute;ticas P&uacute;blicas<\/strong>: Guilherme Busato de Lima<\/p>\n<p><strong>Diretor de Sa&uacute;de<\/strong>: Pedro Moyses Soares Jacintho<\/p>\n<p><strong>Diretor de Transportes<\/strong>: Gilson Vitoriano Barreto<\/p>\n<p><strong>Diretor de Novos Servi&ccedil;os:<\/strong>&nbsp;Jean Cesar de Paula Oliveira<\/p>\n<p><strong>Diretor de Comercio Exterior:<\/strong>&nbsp;Jeymisson Bueno de Melo<\/p>\n<p><strong>Diretor de Educa&ccedil;&atilde;o:<\/strong>&nbsp;Osni Mongruel Junior<\/p>\n<p><strong>Diretor de Rela&ccedil;&otilde;es Institucionais:<\/strong>&nbsp;Wilson Souza de Oliveira<\/p>\n<p>&nbsp;<\/p>\n<p><strong>CONSELHO DE REPRESENTANTES:<\/strong><\/p>\n<p><strong>MEMBROS EFETIVOS:<\/strong><\/p>\n<p>Douglas Fanchin Taques Fonseca<\/p>\n<p>Jos&eacute; Eli Salamacha<\/p>\n<p>Gilmar Tadeu Costa Teixeira<\/p>\n<p>Florisvaldo Aparecido Hudinik<\/p>\n<p>Amarildo Ant&ocirc;nio Pr&acirc;mio<\/p>\n<p><strong>MEMBROS SUPLENTES:<\/strong><\/p>\n<p>Ermar Jos&eacute; Toniolo<\/p>\n<p>Marcio Adriano Pauliki<\/p>\n<p>Hudson da Cunha Zanoni<\/p>\n<p>Paulo Roberto Veiga<\/p>\n<p>Marcus Vinicius Bernardi<\/p>\n<p>&nbsp;<\/p>\n<p>Confira&nbsp;<a href=\"https:\/\/site.faciap.org.br\/galeria\/jantar-de-posse-da-nova-diretoria-da-acipg\">as fotos da Posse da Nova Diretoria<\/a><\/p>\n<p>FOTOS DO EVENTO<br \/>\nhttps:\/\/site.faciap.org.br\/galeria\/jantar-de-posse-da-nova-diretoria-da-acipg<\/p>\n","protected":false},"excerpt":{"rendered":"<p>A Associa\u00e7\u00e3o Comercial, Industrial e Empresarial de Ponta Grossa (ACIPG) tem nova diretoria. Giorgia Bin Bochenek assume a presid\u00eancia da entidade e tomou posse ao lado dos 30 diretores, em cerim\u00f4nia <\/p>\n","protected":false},"author":13,"featured_media":147543,"comment_status":"open","ping_status":"closed","sticky":false,"template":"","format":"standard","meta":{"_acf_changed":false,"_joinchat":[],"footnotes":""},"categories":[1],"tags":[],"categorias-noticias":[149],"noticia-do-sistema":[],"class_list":["post-147542","post","type-post","status-publish","format-standard","has-post-thumbnail","hentry","category-uncategorized","categorias-noticias-institucional"],"acf":{"galeria_noticia":[{"id":147543,"title":"upload_69c53b4d3217djpg","caption":"","full_image_url":"https:\/\/faciapmulher.org.br\/wp-content\/uploads\/2026\/03\/upload_69c53b4d3217djpg.jpg","thumbnail_image_url":"https:\/\/faciapmulher.org.br\/wp-content\/uploads\/2026\/03\/upload_69c53b4d3217djpg-150x150.jpg","large_srcset":"https:\/\/faciapmulher.org.br\/wp-content\/uploads\/2026\/03\/upload_69c53b4d3217djpg.jpg 1024w, https:\/\/faciapmulher.org.br\/wp-content\/uploads\/2026\/03\/upload_69c53b4d3217djpg-300x200.jpg 300w, https:\/\/faciapmulher.org.br\/wp-content\/uploads\/2026\/03\/upload_69c53b4d3217djpg-768x512.jpg 768w","medium_srcset":"https:\/\/faciapmulher.org.br\/wp-content\/uploads\/2026\/03\/upload_69c53b4d3217djpg-300x200.jpg 300w, https:\/\/faciapmulher.org.br\/wp-content\/uploads\/2026\/03\/upload_69c53b4d3217djpg-768x512.jpg 768w, https:\/\/faciapmulher.org.br\/wp-content\/uploads\/2026\/03\/upload_69c53b4d3217djpg.jpg 1024w","media_details":{"width":1024,"height":682,"sizes":{"medium":{"file":"upload_69c53b4d3217djpg-300x200.jpg","width":300,"height":200,"mime-type":"image\/jpeg","filesize":21800,"source_url":"https:\/\/faciapmulher.org.br\/wp-content\/uploads\/2026\/03\/upload_69c53b4d3217djpg-300x200.jpg"},"thumbnail":{"file":"upload_69c53b4d3217djpg-150x150.jpg","width":150,"height":150,"mime-type":"image\/jpeg","filesize":9313,"source_url":"https:\/\/faciapmulher.org.br\/wp-content\/uploads\/2026\/03\/upload_69c53b4d3217djpg-150x150.jpg"},"medium_large":{"file":"upload_69c53b4d3217djpg-768x512.jpg","width":768,"height":512,"mime-type":"image\/jpeg","filesize":96918,"source_url":"https:\/\/faciapmulher.org.br\/wp-content\/uploads\/2026\/03\/upload_69c53b4d3217djpg-768x512.jpg"}}},"alt_text":"","url":"","target":""}],"video":"","data_de_publicacao":"2022\/06\/06","nucleos":null,"fonte":"Assessoria ACIPG","link_origem":"","abrir_origem":false},"yoast_head":"<!-- This site is optimized with the Yoast SEO plugin v27.4 - https:\/\/yoast.com\/product\/yoast-seo-wordpress\/ -->\n<title>ACIPG d\u00e1 posse \u00e0 nova diretoria - FACIAP Mulher<\/title>\n<meta name=\"robots\" content=\"index, follow, max-snippet:-1, max-image-preview:large, max-video-preview:-1\" \/>\n<link rel=\"canonical\" href=\"https:\/\/faciapmulher.org.br\/?p=147542\" \/>\n<meta property=\"og:locale\" content=\"pt_BR\" \/>\n<meta property=\"og:type\" content=\"article\" \/>\n<meta property=\"og:title\" content=\"ACIPG d\u00e1 posse \u00e0 nova diretoria - FACIAP Mulher\" \/>\n<meta property=\"og:description\" content=\"A Associa\u00e7\u00e3o Comercial, Industrial e Empresarial de Ponta Grossa (ACIPG) tem nova diretoria. Giorgia Bin Bochenek assume a presid\u00eancia da entidade e tomou posse ao lado dos 30 diretores, em cerim\u00f4nia\" \/>\n<meta property=\"og:url\" content=\"https:\/\/faciapmulher.org.br\/?p=147542\" \/>\n<meta property=\"og:site_name\" content=\"FACIAP Mulher\" \/>\n<meta property=\"article:published_time\" content=\"2022-06-06T00:00:00+00:00\" \/>\n<meta property=\"article:modified_time\" content=\"2026-03-26T13:57:40+00:00\" \/>\n<meta property=\"og:image\" content=\"https:\/\/faciapmulher.org.br\/wp-content\/uploads\/2026\/03\/upload_69c53b4d3217djpg.jpg\" \/>\n\t<meta property=\"og:image:width\" content=\"1024\" \/>\n\t<meta property=\"og:image:height\" content=\"682\" \/>\n\t<meta property=\"og:image:type\" content=\"image\/jpeg\" \/>\n<meta name=\"author\" content=\"Edson Zion\" \/>\n<meta name=\"twitter:card\" content=\"summary_large_image\" \/>\n<meta name=\"twitter:label1\" content=\"Escrito por\" \/>\n\t<meta name=\"twitter:data1\" content=\"Edson Zion\" \/>\n\t<meta name=\"twitter:label2\" content=\"Est. tempo de leitura\" \/>\n\t<meta name=\"twitter:data2\" content=\"9 minutos\" \/>\n<script type=\"application\/ld+json\" class=\"yoast-schema-graph\">{\"@context\":\"https:\\\/\\\/schema.org\",\"@graph\":[{\"@type\":\"Article\",\"@id\":\"https:\\\/\\\/faciapmulher.org.br\\\/?p=147542#article\",\"isPartOf\":{\"@id\":\"https:\\\/\\\/faciapmulher.org.br\\\/?p=147542\"},\"author\":{\"name\":\"Edson Zion\",\"@id\":\"https:\\\/\\\/faciapmulher.org.br\\\/#\\\/schema\\\/person\\\/f7c3d66b1c5982715969efaaabd0c20a\"},\"headline\":\"ACIPG d\u00e1 posse \u00e0 nova diretoria\",\"datePublished\":\"2022-06-06T00:00:00+00:00\",\"dateModified\":\"2026-03-26T13:57:40+00:00\",\"mainEntityOfPage\":{\"@id\":\"https:\\\/\\\/faciapmulher.org.br\\\/?p=147542\"},\"wordCount\":1849,\"commentCount\":0,\"publisher\":{\"@id\":\"https:\\\/\\\/faciapmulher.org.br\\\/#organization\"},\"image\":{\"@id\":\"https:\\\/\\\/faciapmulher.org.br\\\/?p=147542#primaryimage\"},\"thumbnailUrl\":\"https:\\\/\\\/faciapmulher.org.br\\\/wp-content\\\/uploads\\\/2026\\\/03\\\/upload_69c53b4d3217djpg.jpg\",\"articleSection\":[\"Uncategorized\"],\"inLanguage\":\"pt-BR\",\"potentialAction\":[{\"@type\":\"CommentAction\",\"name\":\"Comment\",\"target\":[\"https:\\\/\\\/faciapmulher.org.br\\\/?p=147542#respond\"]}]},{\"@type\":\"WebPage\",\"@id\":\"https:\\\/\\\/faciapmulher.org.br\\\/?p=147542\",\"url\":\"https:\\\/\\\/faciapmulher.org.br\\\/?p=147542\",\"name\":\"ACIPG d\u00e1 posse \u00e0 nova diretoria - FACIAP Mulher\",\"isPartOf\":{\"@id\":\"https:\\\/\\\/faciapmulher.org.br\\\/#website\"},\"primaryImageOfPage\":{\"@id\":\"https:\\\/\\\/faciapmulher.org.br\\\/?p=147542#primaryimage\"},\"image\":{\"@id\":\"https:\\\/\\\/faciapmulher.org.br\\\/?p=147542#primaryimage\"},\"thumbnailUrl\":\"https:\\\/\\\/faciapmulher.org.br\\\/wp-content\\\/uploads\\\/2026\\\/03\\\/upload_69c53b4d3217djpg.jpg\",\"datePublished\":\"2022-06-06T00:00:00+00:00\",\"dateModified\":\"2026-03-26T13:57:40+00:00\",\"breadcrumb\":{\"@id\":\"https:\\\/\\\/faciapmulher.org.br\\\/?p=147542#breadcrumb\"},\"inLanguage\":\"pt-BR\",\"potentialAction\":[{\"@type\":\"ReadAction\",\"target\":[\"https:\\\/\\\/faciapmulher.org.br\\\/?p=147542\"]}]},{\"@type\":\"ImageObject\",\"inLanguage\":\"pt-BR\",\"@id\":\"https:\\\/\\\/faciapmulher.org.br\\\/?p=147542#primaryimage\",\"url\":\"https:\\\/\\\/faciapmulher.org.br\\\/wp-content\\\/uploads\\\/2026\\\/03\\\/upload_69c53b4d3217djpg.jpg\",\"contentUrl\":\"https:\\\/\\\/faciapmulher.org.br\\\/wp-content\\\/uploads\\\/2026\\\/03\\\/upload_69c53b4d3217djpg.jpg\",\"width\":1024,\"height\":682},{\"@type\":\"BreadcrumbList\",\"@id\":\"https:\\\/\\\/faciapmulher.org.br\\\/?p=147542#breadcrumb\",\"itemListElement\":[{\"@type\":\"ListItem\",\"position\":1,\"name\":\"In\u00edcio\",\"item\":\"https:\\\/\\\/faciapmulher.org.br\\\/\"},{\"@type\":\"ListItem\",\"position\":2,\"name\":\"ACIPG d\u00e1 posse \u00e0 nova diretoria\"}]},{\"@type\":\"WebSite\",\"@id\":\"https:\\\/\\\/faciapmulher.org.br\\\/#website\",\"url\":\"https:\\\/\\\/faciapmulher.org.br\\\/\",\"name\":\"FACIAP Mulher\",\"description\":\"\",\"publisher\":{\"@id\":\"https:\\\/\\\/faciapmulher.org.br\\\/#organization\"},\"potentialAction\":[{\"@type\":\"SearchAction\",\"target\":{\"@type\":\"EntryPoint\",\"urlTemplate\":\"https:\\\/\\\/faciapmulher.org.br\\\/?s={search_term_string}\"},\"query-input\":{\"@type\":\"PropertyValueSpecification\",\"valueRequired\":true,\"valueName\":\"search_term_string\"}}],\"inLanguage\":\"pt-BR\"},{\"@type\":\"Organization\",\"@id\":\"https:\\\/\\\/faciapmulher.org.br\\\/#organization\",\"name\":\"FACIAP Mulher\",\"url\":\"https:\\\/\\\/faciapmulher.org.br\\\/\",\"logo\":{\"@type\":\"ImageObject\",\"inLanguage\":\"pt-BR\",\"@id\":\"https:\\\/\\\/faciapmulher.org.br\\\/#\\\/schema\\\/logo\\\/image\\\/\",\"url\":\"https:\\\/\\\/faciapmulher.org.br\\\/wp-content\\\/uploads\\\/2024\\\/07\\\/caciopar_logo.jpg\",\"contentUrl\":\"https:\\\/\\\/faciapmulher.org.br\\\/wp-content\\\/uploads\\\/2024\\\/07\\\/caciopar_logo.jpg\",\"width\":1024,\"height\":236,\"caption\":\"FACIAP Mulher\"},\"image\":{\"@id\":\"https:\\\/\\\/faciapmulher.org.br\\\/#\\\/schema\\\/logo\\\/image\\\/\"}},{\"@type\":\"Person\",\"@id\":\"https:\\\/\\\/faciapmulher.org.br\\\/#\\\/schema\\\/person\\\/f7c3d66b1c5982715969efaaabd0c20a\",\"name\":\"Edson Zion\",\"image\":{\"@type\":\"ImageObject\",\"inLanguage\":\"pt-BR\",\"@id\":\"https:\\\/\\\/secure.gravatar.com\\\/avatar\\\/6a441ae7e9f2983d9532cf9879abc79f99460f3452ce1a11d1e2478e9b65a6f7?s=96&d=mm&r=g\",\"url\":\"https:\\\/\\\/secure.gravatar.com\\\/avatar\\\/6a441ae7e9f2983d9532cf9879abc79f99460f3452ce1a11d1e2478e9b65a6f7?s=96&d=mm&r=g\",\"contentUrl\":\"https:\\\/\\\/secure.gravatar.com\\\/avatar\\\/6a441ae7e9f2983d9532cf9879abc79f99460f3452ce1a11d1e2478e9b65a6f7?s=96&d=mm&r=g\",\"caption\":\"Edson Zion\"},\"url\":\"https:\\\/\\\/faciapmulher.org.br\\\/?author=13\"}]}<\/script>\n<!-- \/ Yoast SEO plugin. -->","yoast_head_json":{"title":"ACIPG d\u00e1 posse \u00e0 nova diretoria - FACIAP Mulher","robots":{"index":"index","follow":"follow","max-snippet":"max-snippet:-1","max-image-preview":"max-image-preview:large","max-video-preview":"max-video-preview:-1"},"canonical":"https:\/\/faciapmulher.org.br\/?p=147542","og_locale":"pt_BR","og_type":"article","og_title":"ACIPG d\u00e1 posse \u00e0 nova diretoria - FACIAP Mulher","og_description":"A Associa\u00e7\u00e3o Comercial, Industrial e Empresarial de Ponta Grossa (ACIPG) tem nova diretoria. Giorgia Bin Bochenek assume a presid\u00eancia da entidade e tomou posse ao lado dos 30 diretores, em cerim\u00f4nia","og_url":"https:\/\/faciapmulher.org.br\/?p=147542","og_site_name":"FACIAP Mulher","article_published_time":"2022-06-06T00:00:00+00:00","article_modified_time":"2026-03-26T13:57:40+00:00","og_image":[{"width":1024,"height":682,"url":"https:\/\/faciapmulher.org.br\/wp-content\/uploads\/2026\/03\/upload_69c53b4d3217djpg.jpg","type":"image\/jpeg"}],"author":"Edson Zion","twitter_card":"summary_large_image","twitter_misc":{"Escrito por":"Edson Zion","Est. tempo de leitura":"9 minutos"},"schema":{"@context":"https:\/\/schema.org","@graph":[{"@type":"Article","@id":"https:\/\/faciapmulher.org.br\/?p=147542#article","isPartOf":{"@id":"https:\/\/faciapmulher.org.br\/?p=147542"},"author":{"name":"Edson Zion","@id":"https:\/\/faciapmulher.org.br\/#\/schema\/person\/f7c3d66b1c5982715969efaaabd0c20a"},"headline":"ACIPG d\u00e1 posse \u00e0 nova diretoria","datePublished":"2022-06-06T00:00:00+00:00","dateModified":"2026-03-26T13:57:40+00:00","mainEntityOfPage":{"@id":"https:\/\/faciapmulher.org.br\/?p=147542"},"wordCount":1849,"commentCount":0,"publisher":{"@id":"https:\/\/faciapmulher.org.br\/#organization"},"image":{"@id":"https:\/\/faciapmulher.org.br\/?p=147542#primaryimage"},"thumbnailUrl":"https:\/\/faciapmulher.org.br\/wp-content\/uploads\/2026\/03\/upload_69c53b4d3217djpg.jpg","articleSection":["Uncategorized"],"inLanguage":"pt-BR","potentialAction":[{"@type":"CommentAction","name":"Comment","target":["https:\/\/faciapmulher.org.br\/?p=147542#respond"]}]},{"@type":"WebPage","@id":"https:\/\/faciapmulher.org.br\/?p=147542","url":"https:\/\/faciapmulher.org.br\/?p=147542","name":"ACIPG d\u00e1 posse \u00e0 nova diretoria - FACIAP Mulher","isPartOf":{"@id":"https:\/\/faciapmulher.org.br\/#website"},"primaryImageOfPage":{"@id":"https:\/\/faciapmulher.org.br\/?p=147542#primaryimage"},"image":{"@id":"https:\/\/faciapmulher.org.br\/?p=147542#primaryimage"},"thumbnailUrl":"https:\/\/faciapmulher.org.br\/wp-content\/uploads\/2026\/03\/upload_69c53b4d3217djpg.jpg","datePublished":"2022-06-06T00:00:00+00:00","dateModified":"2026-03-26T13:57:40+00:00","breadcrumb":{"@id":"https:\/\/faciapmulher.org.br\/?p=147542#breadcrumb"},"inLanguage":"pt-BR","potentialAction":[{"@type":"ReadAction","target":["https:\/\/faciapmulher.org.br\/?p=147542"]}]},{"@type":"ImageObject","inLanguage":"pt-BR","@id":"https:\/\/faciapmulher.org.br\/?p=147542#primaryimage","url":"https:\/\/faciapmulher.org.br\/wp-content\/uploads\/2026\/03\/upload_69c53b4d3217djpg.jpg","contentUrl":"https:\/\/faciapmulher.org.br\/wp-content\/uploads\/2026\/03\/upload_69c53b4d3217djpg.jpg","width":1024,"height":682},{"@type":"BreadcrumbList","@id":"https:\/\/faciapmulher.org.br\/?p=147542#breadcrumb","itemListElement":[{"@type":"ListItem","position":1,"name":"In\u00edcio","item":"https:\/\/faciapmulher.org.br\/"},{"@type":"ListItem","position":2,"name":"ACIPG d\u00e1 posse \u00e0 nova diretoria"}]},{"@type":"WebSite","@id":"https:\/\/faciapmulher.org.br\/#website","url":"https:\/\/faciapmulher.org.br\/","name":"FACIAP Mulher","description":"","publisher":{"@id":"https:\/\/faciapmulher.org.br\/#organization"},"potentialAction":[{"@type":"SearchAction","target":{"@type":"EntryPoint","urlTemplate":"https:\/\/faciapmulher.org.br\/?s={search_term_string}"},"query-input":{"@type":"PropertyValueSpecification","valueRequired":true,"valueName":"search_term_string"}}],"inLanguage":"pt-BR"},{"@type":"Organization","@id":"https:\/\/faciapmulher.org.br\/#organization","name":"FACIAP Mulher","url":"https:\/\/faciapmulher.org.br\/","logo":{"@type":"ImageObject","inLanguage":"pt-BR","@id":"https:\/\/faciapmulher.org.br\/#\/schema\/logo\/image\/","url":"https:\/\/faciapmulher.org.br\/wp-content\/uploads\/2024\/07\/caciopar_logo.jpg","contentUrl":"https:\/\/faciapmulher.org.br\/wp-content\/uploads\/2024\/07\/caciopar_logo.jpg","width":1024,"height":236,"caption":"FACIAP Mulher"},"image":{"@id":"https:\/\/faciapmulher.org.br\/#\/schema\/logo\/image\/"}},{"@type":"Person","@id":"https:\/\/faciapmulher.org.br\/#\/schema\/person\/f7c3d66b1c5982715969efaaabd0c20a","name":"Edson Zion","image":{"@type":"ImageObject","inLanguage":"pt-BR","@id":"https:\/\/secure.gravatar.com\/avatar\/6a441ae7e9f2983d9532cf9879abc79f99460f3452ce1a11d1e2478e9b65a6f7?s=96&d=mm&r=g","url":"https:\/\/secure.gravatar.com\/avatar\/6a441ae7e9f2983d9532cf9879abc79f99460f3452ce1a11d1e2478e9b65a6f7?s=96&d=mm&r=g","contentUrl":"https:\/\/secure.gravatar.com\/avatar\/6a441ae7e9f2983d9532cf9879abc79f99460f3452ce1a11d1e2478e9b65a6f7?s=96&d=mm&r=g","caption":"Edson Zion"},"url":"https:\/\/faciapmulher.org.br\/?author=13"}]}},"_links":{"self":[{"href":"https:\/\/faciapmulher.org.br\/index.php?rest_route=\/wp\/v2\/posts\/147542","targetHints":{"allow":["GET"]}}],"collection":[{"href":"https:\/\/faciapmulher.org.br\/index.php?rest_route=\/wp\/v2\/posts"}],"about":[{"href":"https:\/\/faciapmulher.org.br\/index.php?rest_route=\/wp\/v2\/types\/post"}],"author":[{"embeddable":true,"href":"https:\/\/faciapmulher.org.br\/index.php?rest_route=\/wp\/v2\/users\/13"}],"replies":[{"embeddable":true,"href":"https:\/\/faciapmulher.org.br\/index.php?rest_route=%2Fwp%2Fv2%2Fcomments&post=147542"}],"version-history":[{"count":1,"href":"https:\/\/faciapmulher.org.br\/index.php?rest_route=\/wp\/v2\/posts\/147542\/revisions"}],"predecessor-version":[{"id":147544,"href":"https:\/\/faciapmulher.org.br\/index.php?rest_route=\/wp\/v2\/posts\/147542\/revisions\/147544"}],"wp:featuredmedia":[{"embeddable":true,"href":"https:\/\/faciapmulher.org.br\/index.php?rest_route=\/wp\/v2\/media\/147543"}],"wp:attachment":[{"href":"https:\/\/faciapmulher.org.br\/index.php?rest_route=%2Fwp%2Fv2%2Fmedia&parent=147542"}],"wp:term":[{"taxonomy":"category","embeddable":true,"href":"https:\/\/faciapmulher.org.br\/index.php?rest_route=%2Fwp%2Fv2%2Fcategories&post=147542"},{"taxonomy":"post_tag","embeddable":true,"href":"https:\/\/faciapmulher.org.br\/index.php?rest_route=%2Fwp%2Fv2%2Ftags&post=147542"},{"taxonomy":"categorias-noticias","embeddable":true,"href":"https:\/\/faciapmulher.org.br\/index.php?rest_route=%2Fwp%2Fv2%2Fcategorias-noticias&post=147542"},{"taxonomy":"noticia-do-sistema","embeddable":true,"href":"https:\/\/faciapmulher.org.br\/index.php?rest_route=%2Fwp%2Fv2%2Fnoticia-do-sistema&post=147542"}],"curies":[{"name":"wp","href":"https:\/\/api.w.org\/{rel}","templated":true}]}}