{"id":147564,"date":"2022-07-27T00:00:00","date_gmt":"2022-07-27T00:00:00","guid":{"rendered":"https:\/\/faciapmulher.org.br\/?p=147564"},"modified":"2026-03-26T13:58:29","modified_gmt":"2026-03-26T13:58:29","slug":"faciap-mulher-vai-participar-da-iii-convencao-cacileste","status":"publish","type":"post","link":"https:\/\/faciapmulher.org.br\/?p=147564","title":{"rendered":"Faciap Mulher vai participar da III Conven\u00e7\u00e3o Cacileste"},"content":{"rendered":"<p>Em busca de promover a lideran&ccedil;a da mulher empreendedora, a Faciap Mulher vai participar da III Conven&ccedil;&atilde;o Cacileste, de 18 a 20 de agosto, em S&atilde;o Jos&eacute; dos Pinhais.<\/p>\n<p>Ser&aacute; um evento excelente para que as empreendedoras possam aprender ainda mais com refer&ecirc;ncias do mercado e visitas t&eacute;cnicas que ocorrer&atilde;o ao longo do evento.<\/p>\n<p>A Faciap Mulher est&aacute; sempre em busca de a&ccedil;&otilde;es e projetos que inspiram mulheres a conquistarem seu espa&ccedil;o nos neg&oacute;cios.<\/p>\n","protected":false},"excerpt":{"rendered":"<p>Em busca de promover a lideran\u00e7a da mulher empreendedora, a Faciap Mulher vai participar da III Conven\u00e7\u00e3o Cacileste, de 18 a 20 de agosto<\/p>\n","protected":false},"author":13,"featured_media":147565,"comment_status":"open","ping_status":"closed","sticky":false,"template":"","format":"standard","meta":{"_acf_changed":false,"_joinchat":[],"footnotes":""},"categories":[1],"tags":[],"categorias-noticias":[149],"noticia-do-sistema":[],"class_list":["post-147564","post","type-post","status-publish","format-standard","has-post-thumbnail","hentry","category-uncategorized","categorias-noticias-institucional"],"acf":{"galeria_noticia":[{"id":147565,"title":"upload_69c53b7d28523jpg","caption":"","full_image_url":"https:\/\/faciapmulher.org.br\/wp-content\/uploads\/2026\/03\/upload_69c53b7d28523jpg.jpg","thumbnail_image_url":"https:\/\/faciapmulher.org.br\/wp-content\/uploads\/2026\/03\/upload_69c53b7d28523jpg-150x150.jpg","large_srcset":"https:\/\/faciapmulher.org.br\/wp-content\/uploads\/2026\/03\/upload_69c53b7d28523jpg.jpg 1024w, https:\/\/faciapmulher.org.br\/wp-content\/uploads\/2026\/03\/upload_69c53b7d28523jpg-300x284.jpg 300w, https:\/\/faciapmulher.org.br\/wp-content\/uploads\/2026\/03\/upload_69c53b7d28523jpg-768x728.jpg 768w","medium_srcset":"https:\/\/faciapmulher.org.br\/wp-content\/uploads\/2026\/03\/upload_69c53b7d28523jpg-300x284.jpg 300w, https:\/\/faciapmulher.org.br\/wp-content\/uploads\/2026\/03\/upload_69c53b7d28523jpg-768x728.jpg 768w, https:\/\/faciapmulher.org.br\/wp-content\/uploads\/2026\/03\/upload_69c53b7d28523jpg.jpg 1024w","media_details":{"width":1024,"height":970,"sizes":{"medium":{"file":"upload_69c53b7d28523jpg-300x284.jpg","width":300,"height":284,"mime-type":"image\/jpeg","filesize":14258,"source_url":"https:\/\/faciapmulher.org.br\/wp-content\/uploads\/2026\/03\/upload_69c53b7d28523jpg-300x284.jpg"},"thumbnail":{"file":"upload_69c53b7d28523jpg-150x150.jpg","width":150,"height":150,"mime-type":"image\/jpeg","filesize":5982,"source_url":"https:\/\/faciapmulher.org.br\/wp-content\/uploads\/2026\/03\/upload_69c53b7d28523jpg-150x150.jpg"},"medium_large":{"file":"upload_69c53b7d28523jpg-768x728.jpg","width":768,"height":728,"mime-type":"image\/jpeg","filesize":56707,"source_url":"https:\/\/faciapmulher.org.br\/wp-content\/uploads\/2026\/03\/upload_69c53b7d28523jpg-768x728.jpg"}}},"alt_text":"","url":"","target":""}],"video":"","data_de_publicacao":"2022\/07\/27","nucleos":null,"fonte":"Faciap News","link_origem":"","abrir_origem":false},"yoast_head":"<!-- This site is optimized with the Yoast SEO plugin v27.4 - https:\/\/yoast.com\/product\/yoast-seo-wordpress\/ -->\n<title>Faciap Mulher vai participar da III Conven\u00e7\u00e3o Cacileste - FACIAP Mulher<\/title>\n<meta name=\"robots\" content=\"index, follow, max-snippet:-1, max-image-preview:large, max-video-preview:-1\" \/>\n<link rel=\"canonical\" href=\"https:\/\/faciapmulher.org.br\/?p=147564\" \/>\n<meta property=\"og:locale\" content=\"pt_BR\" \/>\n<meta property=\"og:type\" content=\"article\" \/>\n<meta property=\"og:title\" content=\"Faciap Mulher vai participar da III Conven\u00e7\u00e3o Cacileste - FACIAP Mulher\" \/>\n<meta property=\"og:description\" content=\"Em busca de promover a lideran\u00e7a da mulher empreendedora, a Faciap Mulher vai participar da III Conven\u00e7\u00e3o Cacileste, de 18 a 20 de agosto\" \/>\n<meta property=\"og:url\" content=\"https:\/\/faciapmulher.org.br\/?p=147564\" \/>\n<meta property=\"og:site_name\" content=\"FACIAP Mulher\" \/>\n<meta property=\"article:published_time\" content=\"2022-07-27T00:00:00+00:00\" \/>\n<meta property=\"article:modified_time\" content=\"2026-03-26T13:58:29+00:00\" \/>\n<meta property=\"og:image\" content=\"https:\/\/faciapmulher.org.br\/wp-content\/uploads\/2026\/03\/upload_69c53b7d28523jpg.jpg\" \/>\n\t<meta property=\"og:image:width\" content=\"1024\" \/>\n\t<meta property=\"og:image:height\" content=\"970\" \/>\n\t<meta property=\"og:image:type\" content=\"image\/jpeg\" \/>\n<meta name=\"author\" content=\"Edson Zion\" \/>\n<meta name=\"twitter:card\" content=\"summary_large_image\" \/>\n<meta name=\"twitter:label1\" content=\"Escrito por\" \/>\n\t<meta name=\"twitter:data1\" content=\"Edson Zion\" \/>\n<script type=\"application\/ld+json\" class=\"yoast-schema-graph\">{\"@context\":\"https:\\\/\\\/schema.org\",\"@graph\":[{\"@type\":\"Article\",\"@id\":\"https:\\\/\\\/faciapmulher.org.br\\\/?p=147564#article\",\"isPartOf\":{\"@id\":\"https:\\\/\\\/faciapmulher.org.br\\\/?p=147564\"},\"author\":{\"name\":\"Edson Zion\",\"@id\":\"https:\\\/\\\/faciapmulher.org.br\\\/#\\\/schema\\\/person\\\/f7c3d66b1c5982715969efaaabd0c20a\"},\"headline\":\"Faciap Mulher vai participar da III Conven\u00e7\u00e3o Cacileste\",\"datePublished\":\"2022-07-27T00:00:00+00:00\",\"dateModified\":\"2026-03-26T13:58:29+00:00\",\"mainEntityOfPage\":{\"@id\":\"https:\\\/\\\/faciapmulher.org.br\\\/?p=147564\"},\"wordCount\":104,\"commentCount\":0,\"publisher\":{\"@id\":\"https:\\\/\\\/faciapmulher.org.br\\\/#organization\"},\"image\":{\"@id\":\"https:\\\/\\\/faciapmulher.org.br\\\/?p=147564#primaryimage\"},\"thumbnailUrl\":\"https:\\\/\\\/faciapmulher.org.br\\\/wp-content\\\/uploads\\\/2026\\\/03\\\/upload_69c53b7d28523jpg.jpg\",\"articleSection\":[\"Uncategorized\"],\"inLanguage\":\"pt-BR\",\"potentialAction\":[{\"@type\":\"CommentAction\",\"name\":\"Comment\",\"target\":[\"https:\\\/\\\/faciapmulher.org.br\\\/?p=147564#respond\"]}]},{\"@type\":\"WebPage\",\"@id\":\"https:\\\/\\\/faciapmulher.org.br\\\/?p=147564\",\"url\":\"https:\\\/\\\/faciapmulher.org.br\\\/?p=147564\",\"name\":\"Faciap Mulher vai participar da III Conven\u00e7\u00e3o Cacileste - FACIAP Mulher\",\"isPartOf\":{\"@id\":\"https:\\\/\\\/faciapmulher.org.br\\\/#website\"},\"primaryImageOfPage\":{\"@id\":\"https:\\\/\\\/faciapmulher.org.br\\\/?p=147564#primaryimage\"},\"image\":{\"@id\":\"https:\\\/\\\/faciapmulher.org.br\\\/?p=147564#primaryimage\"},\"thumbnailUrl\":\"https:\\\/\\\/faciapmulher.org.br\\\/wp-content\\\/uploads\\\/2026\\\/03\\\/upload_69c53b7d28523jpg.jpg\",\"datePublished\":\"2022-07-27T00:00:00+00:00\",\"dateModified\":\"2026-03-26T13:58:29+00:00\",\"breadcrumb\":{\"@id\":\"https:\\\/\\\/faciapmulher.org.br\\\/?p=147564#breadcrumb\"},\"inLanguage\":\"pt-BR\",\"potentialAction\":[{\"@type\":\"ReadAction\",\"target\":[\"https:\\\/\\\/faciapmulher.org.br\\\/?p=147564\"]}]},{\"@type\":\"ImageObject\",\"inLanguage\":\"pt-BR\",\"@id\":\"https:\\\/\\\/faciapmulher.org.br\\\/?p=147564#primaryimage\",\"url\":\"https:\\\/\\\/faciapmulher.org.br\\\/wp-content\\\/uploads\\\/2026\\\/03\\\/upload_69c53b7d28523jpg.jpg\",\"contentUrl\":\"https:\\\/\\\/faciapmulher.org.br\\\/wp-content\\\/uploads\\\/2026\\\/03\\\/upload_69c53b7d28523jpg.jpg\",\"width\":1024,\"height\":970},{\"@type\":\"BreadcrumbList\",\"@id\":\"https:\\\/\\\/faciapmulher.org.br\\\/?p=147564#breadcrumb\",\"itemListElement\":[{\"@type\":\"ListItem\",\"position\":1,\"name\":\"In\u00edcio\",\"item\":\"https:\\\/\\\/faciapmulher.org.br\\\/\"},{\"@type\":\"ListItem\",\"position\":2,\"name\":\"Faciap Mulher vai participar da III Conven\u00e7\u00e3o Cacileste\"}]},{\"@type\":\"WebSite\",\"@id\":\"https:\\\/\\\/faciapmulher.org.br\\\/#website\",\"url\":\"https:\\\/\\\/faciapmulher.org.br\\\/\",\"name\":\"FACIAP Mulher\",\"description\":\"\",\"publisher\":{\"@id\":\"https:\\\/\\\/faciapmulher.org.br\\\/#organization\"},\"potentialAction\":[{\"@type\":\"SearchAction\",\"target\":{\"@type\":\"EntryPoint\",\"urlTemplate\":\"https:\\\/\\\/faciapmulher.org.br\\\/?s={search_term_string}\"},\"query-input\":{\"@type\":\"PropertyValueSpecification\",\"valueRequired\":true,\"valueName\":\"search_term_string\"}}],\"inLanguage\":\"pt-BR\"},{\"@type\":\"Organization\",\"@id\":\"https:\\\/\\\/faciapmulher.org.br\\\/#organization\",\"name\":\"FACIAP Mulher\",\"url\":\"https:\\\/\\\/faciapmulher.org.br\\\/\",\"logo\":{\"@type\":\"ImageObject\",\"inLanguage\":\"pt-BR\",\"@id\":\"https:\\\/\\\/faciapmulher.org.br\\\/#\\\/schema\\\/logo\\\/image\\\/\",\"url\":\"https:\\\/\\\/faciapmulher.org.br\\\/wp-content\\\/uploads\\\/2024\\\/07\\\/caciopar_logo.jpg\",\"contentUrl\":\"https:\\\/\\\/faciapmulher.org.br\\\/wp-content\\\/uploads\\\/2024\\\/07\\\/caciopar_logo.jpg\",\"width\":1024,\"height\":236,\"caption\":\"FACIAP Mulher\"},\"image\":{\"@id\":\"https:\\\/\\\/faciapmulher.org.br\\\/#\\\/schema\\\/logo\\\/image\\\/\"}},{\"@type\":\"Person\",\"@id\":\"https:\\\/\\\/faciapmulher.org.br\\\/#\\\/schema\\\/person\\\/f7c3d66b1c5982715969efaaabd0c20a\",\"name\":\"Edson Zion\",\"image\":{\"@type\":\"ImageObject\",\"inLanguage\":\"pt-BR\",\"@id\":\"https:\\\/\\\/secure.gravatar.com\\\/avatar\\\/6a441ae7e9f2983d9532cf9879abc79f99460f3452ce1a11d1e2478e9b65a6f7?s=96&d=mm&r=g\",\"url\":\"https:\\\/\\\/secure.gravatar.com\\\/avatar\\\/6a441ae7e9f2983d9532cf9879abc79f99460f3452ce1a11d1e2478e9b65a6f7?s=96&d=mm&r=g\",\"contentUrl\":\"https:\\\/\\\/secure.gravatar.com\\\/avatar\\\/6a441ae7e9f2983d9532cf9879abc79f99460f3452ce1a11d1e2478e9b65a6f7?s=96&d=mm&r=g\",\"caption\":\"Edson Zion\"},\"url\":\"https:\\\/\\\/faciapmulher.org.br\\\/?author=13\"}]}<\/script>\n<!-- \/ Yoast SEO plugin. -->","yoast_head_json":{"title":"Faciap Mulher vai participar da III Conven\u00e7\u00e3o Cacileste - FACIAP Mulher","robots":{"index":"index","follow":"follow","max-snippet":"max-snippet:-1","max-image-preview":"max-image-preview:large","max-video-preview":"max-video-preview:-1"},"canonical":"https:\/\/faciapmulher.org.br\/?p=147564","og_locale":"pt_BR","og_type":"article","og_title":"Faciap Mulher vai participar da III Conven\u00e7\u00e3o Cacileste - FACIAP Mulher","og_description":"Em busca de promover a lideran\u00e7a da mulher empreendedora, a Faciap Mulher vai participar da III Conven\u00e7\u00e3o Cacileste, de 18 a 20 de agosto","og_url":"https:\/\/faciapmulher.org.br\/?p=147564","og_site_name":"FACIAP Mulher","article_published_time":"2022-07-27T00:00:00+00:00","article_modified_time":"2026-03-26T13:58:29+00:00","og_image":[{"width":1024,"height":970,"url":"https:\/\/faciapmulher.org.br\/wp-content\/uploads\/2026\/03\/upload_69c53b7d28523jpg.jpg","type":"image\/jpeg"}],"author":"Edson Zion","twitter_card":"summary_large_image","twitter_misc":{"Escrito por":"Edson Zion"},"schema":{"@context":"https:\/\/schema.org","@graph":[{"@type":"Article","@id":"https:\/\/faciapmulher.org.br\/?p=147564#article","isPartOf":{"@id":"https:\/\/faciapmulher.org.br\/?p=147564"},"author":{"name":"Edson Zion","@id":"https:\/\/faciapmulher.org.br\/#\/schema\/person\/f7c3d66b1c5982715969efaaabd0c20a"},"headline":"Faciap Mulher vai participar da III Conven\u00e7\u00e3o Cacileste","datePublished":"2022-07-27T00:00:00+00:00","dateModified":"2026-03-26T13:58:29+00:00","mainEntityOfPage":{"@id":"https:\/\/faciapmulher.org.br\/?p=147564"},"wordCount":104,"commentCount":0,"publisher":{"@id":"https:\/\/faciapmulher.org.br\/#organization"},"image":{"@id":"https:\/\/faciapmulher.org.br\/?p=147564#primaryimage"},"thumbnailUrl":"https:\/\/faciapmulher.org.br\/wp-content\/uploads\/2026\/03\/upload_69c53b7d28523jpg.jpg","articleSection":["Uncategorized"],"inLanguage":"pt-BR","potentialAction":[{"@type":"CommentAction","name":"Comment","target":["https:\/\/faciapmulher.org.br\/?p=147564#respond"]}]},{"@type":"WebPage","@id":"https:\/\/faciapmulher.org.br\/?p=147564","url":"https:\/\/faciapmulher.org.br\/?p=147564","name":"Faciap Mulher vai participar da III Conven\u00e7\u00e3o Cacileste - FACIAP Mulher","isPartOf":{"@id":"https:\/\/faciapmulher.org.br\/#website"},"primaryImageOfPage":{"@id":"https:\/\/faciapmulher.org.br\/?p=147564#primaryimage"},"image":{"@id":"https:\/\/faciapmulher.org.br\/?p=147564#primaryimage"},"thumbnailUrl":"https:\/\/faciapmulher.org.br\/wp-content\/uploads\/2026\/03\/upload_69c53b7d28523jpg.jpg","datePublished":"2022-07-27T00:00:00+00:00","dateModified":"2026-03-26T13:58:29+00:00","breadcrumb":{"@id":"https:\/\/faciapmulher.org.br\/?p=147564#breadcrumb"},"inLanguage":"pt-BR","potentialAction":[{"@type":"ReadAction","target":["https:\/\/faciapmulher.org.br\/?p=147564"]}]},{"@type":"ImageObject","inLanguage":"pt-BR","@id":"https:\/\/faciapmulher.org.br\/?p=147564#primaryimage","url":"https:\/\/faciapmulher.org.br\/wp-content\/uploads\/2026\/03\/upload_69c53b7d28523jpg.jpg","contentUrl":"https:\/\/faciapmulher.org.br\/wp-content\/uploads\/2026\/03\/upload_69c53b7d28523jpg.jpg","width":1024,"height":970},{"@type":"BreadcrumbList","@id":"https:\/\/faciapmulher.org.br\/?p=147564#breadcrumb","itemListElement":[{"@type":"ListItem","position":1,"name":"In\u00edcio","item":"https:\/\/faciapmulher.org.br\/"},{"@type":"ListItem","position":2,"name":"Faciap Mulher vai participar da III Conven\u00e7\u00e3o Cacileste"}]},{"@type":"WebSite","@id":"https:\/\/faciapmulher.org.br\/#website","url":"https:\/\/faciapmulher.org.br\/","name":"FACIAP Mulher","description":"","publisher":{"@id":"https:\/\/faciapmulher.org.br\/#organization"},"potentialAction":[{"@type":"SearchAction","target":{"@type":"EntryPoint","urlTemplate":"https:\/\/faciapmulher.org.br\/?s={search_term_string}"},"query-input":{"@type":"PropertyValueSpecification","valueRequired":true,"valueName":"search_term_string"}}],"inLanguage":"pt-BR"},{"@type":"Organization","@id":"https:\/\/faciapmulher.org.br\/#organization","name":"FACIAP Mulher","url":"https:\/\/faciapmulher.org.br\/","logo":{"@type":"ImageObject","inLanguage":"pt-BR","@id":"https:\/\/faciapmulher.org.br\/#\/schema\/logo\/image\/","url":"https:\/\/faciapmulher.org.br\/wp-content\/uploads\/2024\/07\/caciopar_logo.jpg","contentUrl":"https:\/\/faciapmulher.org.br\/wp-content\/uploads\/2024\/07\/caciopar_logo.jpg","width":1024,"height":236,"caption":"FACIAP Mulher"},"image":{"@id":"https:\/\/faciapmulher.org.br\/#\/schema\/logo\/image\/"}},{"@type":"Person","@id":"https:\/\/faciapmulher.org.br\/#\/schema\/person\/f7c3d66b1c5982715969efaaabd0c20a","name":"Edson Zion","image":{"@type":"ImageObject","inLanguage":"pt-BR","@id":"https:\/\/secure.gravatar.com\/avatar\/6a441ae7e9f2983d9532cf9879abc79f99460f3452ce1a11d1e2478e9b65a6f7?s=96&d=mm&r=g","url":"https:\/\/secure.gravatar.com\/avatar\/6a441ae7e9f2983d9532cf9879abc79f99460f3452ce1a11d1e2478e9b65a6f7?s=96&d=mm&r=g","contentUrl":"https:\/\/secure.gravatar.com\/avatar\/6a441ae7e9f2983d9532cf9879abc79f99460f3452ce1a11d1e2478e9b65a6f7?s=96&d=mm&r=g","caption":"Edson Zion"},"url":"https:\/\/faciapmulher.org.br\/?author=13"}]}},"_links":{"self":[{"href":"https:\/\/faciapmulher.org.br\/index.php?rest_route=\/wp\/v2\/posts\/147564","targetHints":{"allow":["GET"]}}],"collection":[{"href":"https:\/\/faciapmulher.org.br\/index.php?rest_route=\/wp\/v2\/posts"}],"about":[{"href":"https:\/\/faciapmulher.org.br\/index.php?rest_route=\/wp\/v2\/types\/post"}],"author":[{"embeddable":true,"href":"https:\/\/faciapmulher.org.br\/index.php?rest_route=\/wp\/v2\/users\/13"}],"replies":[{"embeddable":true,"href":"https:\/\/faciapmulher.org.br\/index.php?rest_route=%2Fwp%2Fv2%2Fcomments&post=147564"}],"version-history":[{"count":1,"href":"https:\/\/faciapmulher.org.br\/index.php?rest_route=\/wp\/v2\/posts\/147564\/revisions"}],"predecessor-version":[{"id":147566,"href":"https:\/\/faciapmulher.org.br\/index.php?rest_route=\/wp\/v2\/posts\/147564\/revisions\/147566"}],"wp:featuredmedia":[{"embeddable":true,"href":"https:\/\/faciapmulher.org.br\/index.php?rest_route=\/wp\/v2\/media\/147565"}],"wp:attachment":[{"href":"https:\/\/faciapmulher.org.br\/index.php?rest_route=%2Fwp%2Fv2%2Fmedia&parent=147564"}],"wp:term":[{"taxonomy":"category","embeddable":true,"href":"https:\/\/faciapmulher.org.br\/index.php?rest_route=%2Fwp%2Fv2%2Fcategories&post=147564"},{"taxonomy":"post_tag","embeddable":true,"href":"https:\/\/faciapmulher.org.br\/index.php?rest_route=%2Fwp%2Fv2%2Ftags&post=147564"},{"taxonomy":"categorias-noticias","embeddable":true,"href":"https:\/\/faciapmulher.org.br\/index.php?rest_route=%2Fwp%2Fv2%2Fcategorias-noticias&post=147564"},{"taxonomy":"noticia-do-sistema","embeddable":true,"href":"https:\/\/faciapmulher.org.br\/index.php?rest_route=%2Fwp%2Fv2%2Fnoticia-do-sistema&post=147564"}],"curies":[{"name":"wp","href":"https:\/\/api.w.org\/{rel}","templated":true}]}}