{"id":147748,"date":"2026-03-18T00:00:00","date_gmt":"2026-03-18T00:00:00","guid":{"rendered":"https:\/\/faciapmulher.org.br\/inadimplencia-cresce-no-parana-e-revela-pressao-prolongada-sobre-o-consumidor\/"},"modified":"2026-03-18T00:00:00","modified_gmt":"2026-03-18T00:00:00","slug":"inadimplencia-cresce-no-parana-e-revela-pressao-prolongada-sobre-o-consumidor","status":"publish","type":"post","link":"https:\/\/faciapmulher.org.br\/?p=147748","title":{"rendered":"Inadimpl\u00eancia cresce no Paran\u00e1 e revela press\u00e3o prolongada sobre o consumidor"},"content":{"rendered":"<\/p>\n<p>A inadimpl\u00eancia segue em trajet\u00f3ria de alta no Paran\u00e1, refletindo um cen\u00e1rio de maior press\u00e3o sobre o or\u00e7amento das fam\u00edlias. Em fevereiro de 2026, o n\u00famero de consumidores negativados cresceu 9,28% em rela\u00e7\u00e3o ao mesmo per\u00edodo do ano passado. Apesar do avan\u00e7o, o ritmo ficou abaixo da m\u00e9dia nacional, de 10,22%, e tamb\u00e9m da regi\u00e3o Sul, que registrou alta de 9,81%, indicando que, embora o problema seja relevante no estado, ele se intensifica de forma ainda mais acentuada em outras partes do pa\u00eds.<\/p>\n<p>Na compara\u00e7\u00e3o mensal, o crescimento foi de 0,96% entre janeiro e fevereiro, refor\u00e7ando uma tend\u00eancia de eleva\u00e7\u00e3o cont\u00ednua, ainda que sem acelera\u00e7\u00e3o brusca.<\/p>\n<p class=\"has-text-align-center\"><strong>D\u00edvidas avan\u00e7am mais r\u00e1pido que o n\u00famero de devedores<\/strong><\/p>\n<p>Mais do que o aumento no n\u00famero de inadimplentes, chama aten\u00e7\u00e3o a evolu\u00e7\u00e3o do volume de d\u00edvidas, que cresceu 16,48% no per\u00edodo de um ano \u2014 um ritmo significativamente superior ao da entrada de novos devedores. Esse descompasso indica que o problema n\u00e3o est\u00e1 apenas na amplia\u00e7\u00e3o da base de inadimplentes, mas no agravamento da situa\u00e7\u00e3o de quem j\u00e1 enfrenta dificuldades financeiras.<\/p>\n<p>Na pr\u00e1tica, isso significa que consumidores negativados est\u00e3o acumulando novos compromissos em atraso, aprofundando o endividamento e tornando mais lenta a recupera\u00e7\u00e3o.<\/p>\n<p class=\"has-text-align-center\"><strong>Perfil mostra inadimpl\u00eancia persistente<\/strong><\/p>\n<p>O perfil do inadimplente no estado ajuda a entender a dimens\u00e3o do problema. A maior concentra\u00e7\u00e3o est\u00e1 na faixa dos 30 a 39 anos, que responde por 26,05% dos casos, com participa\u00e7\u00e3o praticamente equilibrada entre homens e mulheres. A idade m\u00e9dia \u00e9 de 45,1 anos, o que evidencia o impacto direto sobre a popula\u00e7\u00e3o economicamente ativa.<\/p>\n<p>Outro dado relevante \u00e9 o tempo m\u00e9dio de atraso, que chega a 29,4 meses \u2014 cerca de dois anos e meio. Al\u00e9m disso, uma parcela significativa dos consumidores permanece inadimplente por per\u00edodos entre um e tr\u00eas anos, indicando dificuldade prolongada de reorganiza\u00e7\u00e3o financeira.<\/p>\n<p class=\"has-text-align-center\"><strong>Cr\u00e9dito lidera e refor\u00e7a aten\u00e7\u00e3o do mercado<\/strong><\/p>\n<p>Em m\u00e9dia, cada consumidor negativado no Paran\u00e1 devia R$ 6.043,65, embora uma parcela expressiva concentre d\u00edvidas de menor valor: mais de um ter\u00e7o possui d\u00e9bitos de at\u00e9 R$ 1 mil. Esse dado mostra que pequenas pend\u00eancias, quando acumuladas, tamb\u00e9m contribuem para o agravamento do quadro.<\/p>\n<p>O sistema financeiro concentra a maior parte das d\u00edvidas, com 61,43% do total, seguido por com\u00e9rcio, servi\u00e7os e contas b\u00e1sicas. Al\u00e9m disso, cada inadimplente possui, em m\u00e9dia, 2,48 d\u00edvidas em atraso, n\u00famero superior ao observado no conjunto do Brasil.<\/p>\n<p>O cen\u00e1rio refor\u00e7a um ponto de aten\u00e7\u00e3o para o ambiente econ\u00f4mico: embora o estado apresente desempenho ligeiramente melhor do que a m\u00e9dia nacional, a combina\u00e7\u00e3o entre aumento da inadimpl\u00eancia, crescimento do volume de d\u00edvidas e longo tempo de perman\u00eancia no vermelho indica um processo mais estrutural, que exige cautela tanto por parte dos consumidores quanto das empresas na gest\u00e3o do cr\u00e9dito.<\/p>\n<p class=\"has-text-align-center\"><strong>Inadimpl\u00eancia no Brasil<\/strong><\/p>\n<p>A inadimpl\u00eancia tamb\u00e9m avan\u00e7a no Brasil, atingindo 73,74 milh\u00f5es de consumidores em fevereiro de 2026 \u2013 o equivalente a 44,11% da popula\u00e7\u00e3o adulta. Em um ano, o n\u00famero de devedores cresceu 10,22%, enquanto o volume de d\u00edvidas avan\u00e7ou ainda mais, com alta de 17,76%.<\/p>\n<p>Em m\u00e9dia, cada inadimplente deve R$ 4.992,43 e possui 2,29 d\u00edvidas em atraso. O tempo m\u00e9dio de inadimpl\u00eancia \u00e9 de 28,9 meses, evidenciando a dificuldade de recupera\u00e7\u00e3o financeira e o car\u00e1ter prolongado do endividamento no pa\u00eds.<\/p>\n<p>Confira os gr\u00e1ficos da inadimpl\u00eancia no Brasil (PF e PJ), no Paran\u00e1 e regi\u00f5es:<\/p>\n<p>\u2013 Estado do Paran\u00e1 \u00a0<\/p>\n<p><a href=\"https:\/\/site.faciap.org.br\/wp-content\/uploads\/2026\/03\/Analise-Inadimplencia-BReRegioes-PF_fev2026.pdf\">\u2013 Brasil \u2013 Pessoa F\u00edsica \u2013 Fev 2026<\/a><\/p>\n<p><a href=\"https:\/\/site.faciap.org.br\/wp-content\/uploads\/2026\/03\/Analise-Inadimplencia-BReRegioes-PJ_fev2026.pdf\">\u2013 Brasil \u2013 PJ \u2013 Fev 2026<\/a><\/p>\n<p><a href=\"https:\/\/site.faciap.org.br\/wp-content\/uploads\/2026\/03\/AGR_Cacenorpi-PR_fev26.pdf\">\u2013 Cacenorpi-PR \u2013- Fev 2026<\/a><\/p>\n<p><a href=\"https:\/\/site.faciap.org.br\/wp-content\/uploads\/2026\/03\/AGR_Cacercopar-PR_fev26.pdf\">\u2013 Cacercopar-PR \u2013 Fev 2026<\/a><\/p>\n<p><a href=\"https:\/\/site.faciap.org.br\/wp-content\/uploads\/2026\/03\/AGR_Cacesul-PR_fev26.pdf\">\u2013 Cacesul-PR \u2013\u00a0Fev 2026<\/a><\/p>\n<p><a href=\"https:\/\/site.faciap.org.br\/wp-content\/uploads\/2026\/03\/AGR_Cacicopar-PR_fev26.pdf\">\u2013 Cacicopar-PR \u2013\u00a0Fev 2026<\/a><\/p>\n<p><a href=\"https:\/\/site.faciap.org.br\/wp-content\/uploads\/2026\/03\/AGR_Cacicpar-PR_fev26.pdf\">\u2013 Cacicpar-PR \u2013\u00a0Fev 2026<\/a><\/p>\n<p><a href=\"https:\/\/site.faciap.org.br\/wp-content\/uploads\/2026\/03\/AGR_Cacier-PR_fev26.pdf\">\u2013 Cacier-PR \u2013\u00a0Fev 2026<\/a><\/p>\n<p><a href=\"https:\/\/site.faciap.org.br\/wp-content\/uploads\/2026\/03\/AGR_Cacileste-PR_fev26.pdf\">\u2013 Cacileste-PR \u2013\u00a0Fev 2026<\/a><\/p>\n<p><a href=\"https:\/\/site.faciap.org.br\/wp-content\/uploads\/2026\/03\/AGR_Cacinor-PR_fev26.pdf\">\u2013 Cacinor-PR \u2013 Fev 2026<\/a><\/p>\n<p><a href=\"https:\/\/site.faciap.org.br\/wp-content\/uploads\/2026\/03\/AGR_Cacinpar-PR_fev26.pdf\">\u2013 Cacinpar-PR \u2013\u00a0Fev 2026<\/a><\/p>\n<p><a href=\"https:\/\/site.faciap.org.br\/wp-content\/uploads\/2026\/03\/AGR_Cacinp-PR_fev26.pdf\">\u2013 Cacinp-PR \u2013\u00a0Fev 2026<\/a><\/p>\n<p><a href=\"https:\/\/site.faciap.org.br\/wp-content\/uploads\/2026\/03\/AGR_Caciopar-PR_fev26.pdf\">\u2013 Caciopar-PR \u2013\u00a0Fev 2026<\/a><\/p>\n<p><a href=\"https:\/\/site.faciap.org.br\/wp-content\/uploads\/2026\/03\/AGR_Cacispar-PR_fev26.pdf\">\u2013 Cacispar-PR \u2013 Fev 2026<\/a><\/p>\n<p><strong><a href=\"https:\/\/site.faciap.org.br\/wp-content\/uploads\/2026\/03\/Relat-Recuperacao-Reincidentes-PF-BRASIL_fev2026.pdf\">Recupera\u00e7\u00e3o-Reincidentes-PF-BRASIL<\/a><\/strong><\/p>\n<p><strong><a href=\"https:\/\/site.faciap.org.br\/wp-content\/uploads\/2026\/03\/Relat-Recuperacao-Reincidentes-PF-PR_fev2026.pdf\">Recupera\u00e7\u00e3o-Reincidentes-PF-PR_fev2026<\/a><\/strong><\/p>\n<p><a href=\"https:\/\/site.faciap.org.br\/wp-content\/uploads\/2026\/03\/Relat-Recuperacao-Reincidentes-PJ-BRASIL_fev2026.pdf\"><strong>Recupera\u00e7\u00e3o-Reincidentes-PJ- BRASIL<\/strong><\/a><\/p><\/p>\n","protected":false},"excerpt":{"rendered":"<p>A inadimpl\u00eancia segue em trajet\u00f3ria de alta no Paran\u00e1, refletindo um cen\u00e1rio de maior press\u00e3o sobre o or\u00e7amento das fam\u00edlias. Em fevereiro de 2026, o n\u00famero de consumidores negativados cresceu 9,28% em rela\u00e7\u00e3o ao mesmo per\u00edodo do ano passado. Apesar do avan\u00e7o, o ritmo ficou abaixo da m\u00e9dia nacional, de 10,22%, e tamb\u00e9m da regi\u00e3o [\u2026]<\/p>\n","protected":false},"author":13,"featured_media":0,"comment_status":"open","ping_status":"closed","sticky":false,"template":"","format":"standard","meta":{"_acf_changed":false,"_joinchat":[],"footnotes":""},"categories":[1],"tags":[],"categorias-noticias":[1018],"noticia-do-sistema":[],"class_list":["post-147748","post","type-post","status-publish","format-standard","hentry","category-uncategorized","categorias-noticias-faciap"],"acf":{"galeria_noticia":[],"video":"","data_de_publicacao":"2026\/03\/18","nucleos":null,"fonte":"","link_origem":"https:\/\/site.faciap.org.br\/inadimplencia-cresce-no-parana-e-revela-pressao-prolongada-sobre-o-consumidor\/","abrir_origem":true},"yoast_head":"<!-- This site is optimized with the Yoast SEO plugin v27.4 - https:\/\/yoast.com\/product\/yoast-seo-wordpress\/ -->\n<title>Inadimpl\u00eancia cresce no Paran\u00e1 e revela press\u00e3o prolongada sobre o consumidor - FACIAP Mulher<\/title>\n<meta name=\"robots\" content=\"index, follow, max-snippet:-1, max-image-preview:large, max-video-preview:-1\" \/>\n<link rel=\"canonical\" href=\"https:\/\/faciapmulher.org.br\/?p=147748\" \/>\n<meta property=\"og:locale\" content=\"pt_BR\" \/>\n<meta property=\"og:type\" content=\"article\" \/>\n<meta property=\"og:title\" content=\"Inadimpl\u00eancia cresce no Paran\u00e1 e revela press\u00e3o prolongada sobre o consumidor - FACIAP Mulher\" \/>\n<meta property=\"og:description\" content=\"A inadimpl\u00eancia segue em trajet\u00f3ria de alta no Paran\u00e1, refletindo um cen\u00e1rio de maior press\u00e3o sobre o or\u00e7amento das fam\u00edlias. Em fevereiro de 2026, o n\u00famero de consumidores negativados cresceu 9,28% em rela\u00e7\u00e3o ao mesmo per\u00edodo do ano passado. Apesar do avan\u00e7o, o ritmo ficou abaixo da m\u00e9dia nacional, de 10,22%, e tamb\u00e9m da regi\u00e3o [\u2026]\" \/>\n<meta property=\"og:url\" content=\"https:\/\/faciapmulher.org.br\/?p=147748\" \/>\n<meta property=\"og:site_name\" content=\"FACIAP Mulher\" \/>\n<meta property=\"article:published_time\" content=\"2026-03-18T00:00:00+00:00\" \/>\n<meta name=\"author\" content=\"Edson Zion\" \/>\n<meta name=\"twitter:card\" content=\"summary_large_image\" \/>\n<meta name=\"twitter:label1\" content=\"Escrito por\" \/>\n\t<meta name=\"twitter:data1\" content=\"Edson Zion\" \/>\n\t<meta name=\"twitter:label2\" content=\"Est. tempo de leitura\" \/>\n\t<meta name=\"twitter:data2\" content=\"3 minutos\" \/>\n<script type=\"application\/ld+json\" class=\"yoast-schema-graph\">{\"@context\":\"https:\\\/\\\/schema.org\",\"@graph\":[{\"@type\":\"Article\",\"@id\":\"https:\\\/\\\/faciapmulher.org.br\\\/?p=147748#article\",\"isPartOf\":{\"@id\":\"https:\\\/\\\/faciapmulher.org.br\\\/?p=147748\"},\"author\":{\"name\":\"Edson Zion\",\"@id\":\"https:\\\/\\\/faciapmulher.org.br\\\/#\\\/schema\\\/person\\\/f7c3d66b1c5982715969efaaabd0c20a\"},\"headline\":\"Inadimpl\u00eancia cresce no Paran\u00e1 e revela press\u00e3o prolongada sobre o consumidor\",\"datePublished\":\"2026-03-18T00:00:00+00:00\",\"mainEntityOfPage\":{\"@id\":\"https:\\\/\\\/faciapmulher.org.br\\\/?p=147748\"},\"wordCount\":672,\"commentCount\":0,\"publisher\":{\"@id\":\"https:\\\/\\\/faciapmulher.org.br\\\/#organization\"},\"articleSection\":[\"Uncategorized\"],\"inLanguage\":\"pt-BR\",\"potentialAction\":[{\"@type\":\"CommentAction\",\"name\":\"Comment\",\"target\":[\"https:\\\/\\\/faciapmulher.org.br\\\/?p=147748#respond\"]}]},{\"@type\":\"WebPage\",\"@id\":\"https:\\\/\\\/faciapmulher.org.br\\\/?p=147748\",\"url\":\"https:\\\/\\\/faciapmulher.org.br\\\/?p=147748\",\"name\":\"Inadimpl\u00eancia cresce no Paran\u00e1 e revela press\u00e3o prolongada sobre o consumidor - FACIAP Mulher\",\"isPartOf\":{\"@id\":\"https:\\\/\\\/faciapmulher.org.br\\\/#website\"},\"datePublished\":\"2026-03-18T00:00:00+00:00\",\"breadcrumb\":{\"@id\":\"https:\\\/\\\/faciapmulher.org.br\\\/?p=147748#breadcrumb\"},\"inLanguage\":\"pt-BR\",\"potentialAction\":[{\"@type\":\"ReadAction\",\"target\":[\"https:\\\/\\\/faciapmulher.org.br\\\/?p=147748\"]}]},{\"@type\":\"BreadcrumbList\",\"@id\":\"https:\\\/\\\/faciapmulher.org.br\\\/?p=147748#breadcrumb\",\"itemListElement\":[{\"@type\":\"ListItem\",\"position\":1,\"name\":\"In\u00edcio\",\"item\":\"https:\\\/\\\/faciapmulher.org.br\\\/\"},{\"@type\":\"ListItem\",\"position\":2,\"name\":\"Inadimpl\u00eancia cresce no Paran\u00e1 e revela press\u00e3o prolongada sobre o consumidor\"}]},{\"@type\":\"WebSite\",\"@id\":\"https:\\\/\\\/faciapmulher.org.br\\\/#website\",\"url\":\"https:\\\/\\\/faciapmulher.org.br\\\/\",\"name\":\"FACIAP Mulher\",\"description\":\"\",\"publisher\":{\"@id\":\"https:\\\/\\\/faciapmulher.org.br\\\/#organization\"},\"potentialAction\":[{\"@type\":\"SearchAction\",\"target\":{\"@type\":\"EntryPoint\",\"urlTemplate\":\"https:\\\/\\\/faciapmulher.org.br\\\/?s={search_term_string}\"},\"query-input\":{\"@type\":\"PropertyValueSpecification\",\"valueRequired\":true,\"valueName\":\"search_term_string\"}}],\"inLanguage\":\"pt-BR\"},{\"@type\":\"Organization\",\"@id\":\"https:\\\/\\\/faciapmulher.org.br\\\/#organization\",\"name\":\"FACIAP Mulher\",\"url\":\"https:\\\/\\\/faciapmulher.org.br\\\/\",\"logo\":{\"@type\":\"ImageObject\",\"inLanguage\":\"pt-BR\",\"@id\":\"https:\\\/\\\/faciapmulher.org.br\\\/#\\\/schema\\\/logo\\\/image\\\/\",\"url\":\"https:\\\/\\\/faciapmulher.org.br\\\/wp-content\\\/uploads\\\/2024\\\/07\\\/caciopar_logo.jpg\",\"contentUrl\":\"https:\\\/\\\/faciapmulher.org.br\\\/wp-content\\\/uploads\\\/2024\\\/07\\\/caciopar_logo.jpg\",\"width\":1024,\"height\":236,\"caption\":\"FACIAP Mulher\"},\"image\":{\"@id\":\"https:\\\/\\\/faciapmulher.org.br\\\/#\\\/schema\\\/logo\\\/image\\\/\"}},{\"@type\":\"Person\",\"@id\":\"https:\\\/\\\/faciapmulher.org.br\\\/#\\\/schema\\\/person\\\/f7c3d66b1c5982715969efaaabd0c20a\",\"name\":\"Edson Zion\",\"image\":{\"@type\":\"ImageObject\",\"inLanguage\":\"pt-BR\",\"@id\":\"https:\\\/\\\/secure.gravatar.com\\\/avatar\\\/6a441ae7e9f2983d9532cf9879abc79f99460f3452ce1a11d1e2478e9b65a6f7?s=96&d=mm&r=g\",\"url\":\"https:\\\/\\\/secure.gravatar.com\\\/avatar\\\/6a441ae7e9f2983d9532cf9879abc79f99460f3452ce1a11d1e2478e9b65a6f7?s=96&d=mm&r=g\",\"contentUrl\":\"https:\\\/\\\/secure.gravatar.com\\\/avatar\\\/6a441ae7e9f2983d9532cf9879abc79f99460f3452ce1a11d1e2478e9b65a6f7?s=96&d=mm&r=g\",\"caption\":\"Edson Zion\"},\"url\":\"https:\\\/\\\/faciapmulher.org.br\\\/?author=13\"}]}<\/script>\n<!-- \/ Yoast SEO plugin. -->","yoast_head_json":{"title":"Inadimpl\u00eancia cresce no Paran\u00e1 e revela press\u00e3o prolongada sobre o consumidor - FACIAP Mulher","robots":{"index":"index","follow":"follow","max-snippet":"max-snippet:-1","max-image-preview":"max-image-preview:large","max-video-preview":"max-video-preview:-1"},"canonical":"https:\/\/faciapmulher.org.br\/?p=147748","og_locale":"pt_BR","og_type":"article","og_title":"Inadimpl\u00eancia cresce no Paran\u00e1 e revela press\u00e3o prolongada sobre o consumidor - FACIAP Mulher","og_description":"A inadimpl\u00eancia segue em trajet\u00f3ria de alta no Paran\u00e1, refletindo um cen\u00e1rio de maior press\u00e3o sobre o or\u00e7amento das fam\u00edlias. Em fevereiro de 2026, o n\u00famero de consumidores negativados cresceu 9,28% em rela\u00e7\u00e3o ao mesmo per\u00edodo do ano passado. Apesar do avan\u00e7o, o ritmo ficou abaixo da m\u00e9dia nacional, de 10,22%, e tamb\u00e9m da regi\u00e3o [\u2026]","og_url":"https:\/\/faciapmulher.org.br\/?p=147748","og_site_name":"FACIAP Mulher","article_published_time":"2026-03-18T00:00:00+00:00","author":"Edson Zion","twitter_card":"summary_large_image","twitter_misc":{"Escrito por":"Edson Zion","Est. tempo de leitura":"3 minutos"},"schema":{"@context":"https:\/\/schema.org","@graph":[{"@type":"Article","@id":"https:\/\/faciapmulher.org.br\/?p=147748#article","isPartOf":{"@id":"https:\/\/faciapmulher.org.br\/?p=147748"},"author":{"name":"Edson Zion","@id":"https:\/\/faciapmulher.org.br\/#\/schema\/person\/f7c3d66b1c5982715969efaaabd0c20a"},"headline":"Inadimpl\u00eancia cresce no Paran\u00e1 e revela press\u00e3o prolongada sobre o consumidor","datePublished":"2026-03-18T00:00:00+00:00","mainEntityOfPage":{"@id":"https:\/\/faciapmulher.org.br\/?p=147748"},"wordCount":672,"commentCount":0,"publisher":{"@id":"https:\/\/faciapmulher.org.br\/#organization"},"articleSection":["Uncategorized"],"inLanguage":"pt-BR","potentialAction":[{"@type":"CommentAction","name":"Comment","target":["https:\/\/faciapmulher.org.br\/?p=147748#respond"]}]},{"@type":"WebPage","@id":"https:\/\/faciapmulher.org.br\/?p=147748","url":"https:\/\/faciapmulher.org.br\/?p=147748","name":"Inadimpl\u00eancia cresce no Paran\u00e1 e revela press\u00e3o prolongada sobre o consumidor - FACIAP Mulher","isPartOf":{"@id":"https:\/\/faciapmulher.org.br\/#website"},"datePublished":"2026-03-18T00:00:00+00:00","breadcrumb":{"@id":"https:\/\/faciapmulher.org.br\/?p=147748#breadcrumb"},"inLanguage":"pt-BR","potentialAction":[{"@type":"ReadAction","target":["https:\/\/faciapmulher.org.br\/?p=147748"]}]},{"@type":"BreadcrumbList","@id":"https:\/\/faciapmulher.org.br\/?p=147748#breadcrumb","itemListElement":[{"@type":"ListItem","position":1,"name":"In\u00edcio","item":"https:\/\/faciapmulher.org.br\/"},{"@type":"ListItem","position":2,"name":"Inadimpl\u00eancia cresce no Paran\u00e1 e revela press\u00e3o prolongada sobre o consumidor"}]},{"@type":"WebSite","@id":"https:\/\/faciapmulher.org.br\/#website","url":"https:\/\/faciapmulher.org.br\/","name":"FACIAP Mulher","description":"","publisher":{"@id":"https:\/\/faciapmulher.org.br\/#organization"},"potentialAction":[{"@type":"SearchAction","target":{"@type":"EntryPoint","urlTemplate":"https:\/\/faciapmulher.org.br\/?s={search_term_string}"},"query-input":{"@type":"PropertyValueSpecification","valueRequired":true,"valueName":"search_term_string"}}],"inLanguage":"pt-BR"},{"@type":"Organization","@id":"https:\/\/faciapmulher.org.br\/#organization","name":"FACIAP Mulher","url":"https:\/\/faciapmulher.org.br\/","logo":{"@type":"ImageObject","inLanguage":"pt-BR","@id":"https:\/\/faciapmulher.org.br\/#\/schema\/logo\/image\/","url":"https:\/\/faciapmulher.org.br\/wp-content\/uploads\/2024\/07\/caciopar_logo.jpg","contentUrl":"https:\/\/faciapmulher.org.br\/wp-content\/uploads\/2024\/07\/caciopar_logo.jpg","width":1024,"height":236,"caption":"FACIAP Mulher"},"image":{"@id":"https:\/\/faciapmulher.org.br\/#\/schema\/logo\/image\/"}},{"@type":"Person","@id":"https:\/\/faciapmulher.org.br\/#\/schema\/person\/f7c3d66b1c5982715969efaaabd0c20a","name":"Edson Zion","image":{"@type":"ImageObject","inLanguage":"pt-BR","@id":"https:\/\/secure.gravatar.com\/avatar\/6a441ae7e9f2983d9532cf9879abc79f99460f3452ce1a11d1e2478e9b65a6f7?s=96&d=mm&r=g","url":"https:\/\/secure.gravatar.com\/avatar\/6a441ae7e9f2983d9532cf9879abc79f99460f3452ce1a11d1e2478e9b65a6f7?s=96&d=mm&r=g","contentUrl":"https:\/\/secure.gravatar.com\/avatar\/6a441ae7e9f2983d9532cf9879abc79f99460f3452ce1a11d1e2478e9b65a6f7?s=96&d=mm&r=g","caption":"Edson Zion"},"url":"https:\/\/faciapmulher.org.br\/?author=13"}]}},"_links":{"self":[{"href":"https:\/\/faciapmulher.org.br\/index.php?rest_route=\/wp\/v2\/posts\/147748","targetHints":{"allow":["GET"]}}],"collection":[{"href":"https:\/\/faciapmulher.org.br\/index.php?rest_route=\/wp\/v2\/posts"}],"about":[{"href":"https:\/\/faciapmulher.org.br\/index.php?rest_route=\/wp\/v2\/types\/post"}],"author":[{"embeddable":true,"href":"https:\/\/faciapmulher.org.br\/index.php?rest_route=\/wp\/v2\/users\/13"}],"replies":[{"embeddable":true,"href":"https:\/\/faciapmulher.org.br\/index.php?rest_route=%2Fwp%2Fv2%2Fcomments&post=147748"}],"version-history":[{"count":0,"href":"https:\/\/faciapmulher.org.br\/index.php?rest_route=\/wp\/v2\/posts\/147748\/revisions"}],"wp:attachment":[{"href":"https:\/\/faciapmulher.org.br\/index.php?rest_route=%2Fwp%2Fv2%2Fmedia&parent=147748"}],"wp:term":[{"taxonomy":"category","embeddable":true,"href":"https:\/\/faciapmulher.org.br\/index.php?rest_route=%2Fwp%2Fv2%2Fcategories&post=147748"},{"taxonomy":"post_tag","embeddable":true,"href":"https:\/\/faciapmulher.org.br\/index.php?rest_route=%2Fwp%2Fv2%2Ftags&post=147748"},{"taxonomy":"categorias-noticias","embeddable":true,"href":"https:\/\/faciapmulher.org.br\/index.php?rest_route=%2Fwp%2Fv2%2Fcategorias-noticias&post=147748"},{"taxonomy":"noticia-do-sistema","embeddable":true,"href":"https:\/\/faciapmulher.org.br\/index.php?rest_route=%2Fwp%2Fv2%2Fnoticia-do-sistema&post=147748"}],"curies":[{"name":"wp","href":"https:\/\/api.w.org\/{rel}","templated":true}]}}